{"id":16359,"date":"2024-10-17T16:17:56","date_gmt":"2024-10-17T22:17:56","guid":{"rendered":"https:\/\/fge.oaxaca.gob.mx\/?post_type=noticias&amp;p=7565"},"modified":"2024-10-17T16:17:56","modified_gmt":"2024-10-17T22:17:56","slug":"boletin-1014-fiscalia-de-oaxaca-obtiene-vinculacion-a-proceso-contra-dos-personas-por-el-delito-de-homicidio-calificado-cometido-en-santa-lucia-del-camino","status":"publish","type":"noticias","link":"https:\/\/portal.fgeo.gob.mx\/index.php\/archivos\/noticias\/boletin-1014-fiscalia-de-oaxaca-obtiene-vinculacion-a-proceso-contra-dos-personas-por-el-delito-de-homicidio-calificado-cometido-en-santa-lucia-del-camino","title":{"rendered":"BOLET\u00cdN 1014.- Fiscal\u00eda de Oaxaca obtiene vinculaci\u00f3n a proceso contra dos personas por el delito de Homicidio Calificado, cometido en Santa Lucia del Camino"},"content":{"rendered":"<p><strong>Oaxaca de Ju\u00e1rez, Oax., a 17 de octubre de 2024.-<\/strong> La Fiscal\u00eda General del Estado de Oaxaca (FGEO) obtuvo auto de vinculaci\u00f3n a proceso contra dos personas del sexo masculino identificadas como M.A.S.L. y S.J.B.H., por el delito de Homicidio Calificado en agravio de un hombre que en vida respondi\u00f3 al nombre de L.A.R.S.J., hechos cometidos en Santa Lucia del Camino.<\/p>\n<p>De acuerdo con lo asentado en el expediente penal, los hechos ocurrieron el 18 de agosto de 2019, cuando la v\u00edctima caminaba por calles de la agencia municipal de Santa Mar\u00eda Ixcotel, perteneciente a Santa Luc\u00eda del Camino, cuando fue agredido por personas que se encontraban a bordo de un autom\u00f3vil, quienes atacaron con disparos de arma de fuego a la v\u00edctima, ocasion\u00e1ndole lesiones por las cuales falleci\u00f3.<\/p>\n<p>Tras estos hechos, la FGEO inici\u00f3 las investigaciones correspondientes, gracias a las cuales fue posible la detenci\u00f3n de M.A.S.L. y S.J.B.H., quienes fueron presentados ante el Juez que conoce la causa.<\/p>\n<p>Derivado de los datos de prueba aportados por la Fiscal\u00eda de Oaxaca, el Juez de Control determin\u00f3 vincular a proceso a M.A.S.L. y S.J.B.H., por el delito de homicidio calificado, adem\u00e1s de imponer la medida cautelar de prisi\u00f3n preventiva oficiosa y otorgar el plazo de dos meses para el cierre de investigaci\u00f3n complementaria.<\/p>\n<p>La Fiscal\u00eda General garantiza investigaciones exhaustivas para esclarecer delitos, aplicando las herramientas legales para castigar a quien o quienes resulten responsables.<\/p>\n<p><img fetchpriority=\"high\" decoding=\"async\" class=\"alignnone size-medium wp-image-7566\" src=\"https:\/\/portal.fgeo.gob.mx\/wp-content\/uploads\/2024\/10\/S.J.B.H-253x300.jpg\" alt=\"\" width=\"253\" height=\"300\" \/> <img decoding=\"async\" class=\"alignnone size-medium wp-image-7567\" src=\"https:\/\/portal.fgeo.gob.mx\/wp-content\/uploads\/2024\/10\/M.A.S.L.-245x300.jpg\" alt=\"\" width=\"245\" height=\"300\" \/><\/p>\n","protected":false},"author":2,"featured_media":7504,"comment_status":"closed","ping_status":"closed","template":"","tags":[],"categoria_noticias":[],"class_list":["post-16359","noticias","type-noticias","status-publish","has-post-thumbnail","hentry"],"acf":[],"mb":[],"mfb_rest_fields":["title","gutenberg_elementor_mode"],"_links":{"self":[{"href":"https:\/\/portal.fgeo.gob.mx\/index.php\/wp-json\/wp\/v2\/noticias\/16359","targetHints":{"allow":["GET"]}}],"collection":[{"href":"https:\/\/portal.fgeo.gob.mx\/index.php\/wp-json\/wp\/v2\/noticias"}],"about":[{"href":"https:\/\/portal.fgeo.gob.mx\/index.php\/wp-json\/wp\/v2\/types\/noticias"}],"author":[{"embeddable":true,"href":"https:\/\/portal.fgeo.gob.mx\/index.php\/wp-json\/wp\/v2\/users\/2"}],"replies":[{"embeddable":true,"href":"https:\/\/portal.fgeo.gob.mx\/index.php\/wp-json\/wp\/v2\/comments?post=16359"}],"wp:featuredmedia":[{"embeddable":true,"href":"https:\/\/portal.fgeo.gob.mx\/index.php\/wp-json\/"}],"wp:attachment":[{"href":"https:\/\/portal.fgeo.gob.mx\/index.php\/wp-json\/wp\/v2\/media?parent=16359"}],"wp:term":[{"taxonomy":"post_tag","embeddable":true,"href":"https:\/\/portal.fgeo.gob.mx\/index.php\/wp-json\/wp\/v2\/tags?post=16359"},{"taxonomy":"categoria_noticias","embeddable":true,"href":"https:\/\/portal.fgeo.gob.mx\/index.php\/wp-json\/wp\/v2\/categoria_noticias?post=16359"}],"curies":[{"name":"wp","href":"https:\/\/api.w.org\/{rel}","templated":true}]}}