{"id":16351,"date":"2024-10-11T09:53:10","date_gmt":"2024-10-11T15:53:10","guid":{"rendered":"https:\/\/fge.oaxaca.gob.mx\/?post_type=noticias&amp;p=7521"},"modified":"2024-10-11T09:53:10","modified_gmt":"2024-10-11T15:53:10","slug":"boletin-1003-fortalece-fgeo-investigaciones-y-realiza-operativo-de-busqueda-y-localizacion-junto-a-guardia-nacional-y-sedena-en-la-region-de-la-cuenca","status":"publish","type":"noticias","link":"https:\/\/portal.fgeo.gob.mx\/index.php\/archivos\/noticias\/boletin-1003-fortalece-fgeo-investigaciones-y-realiza-operativo-de-busqueda-y-localizacion-junto-a-guardia-nacional-y-sedena-en-la-region-de-la-cuenca","title":{"rendered":"BOLET\u00cdN 1003.- Fortalece FGEO investigaciones y realiza operativo de b\u00fasqueda y localizaci\u00f3n junto a Guardia Nacional y SEDENA en la regi\u00f3n de la Cuenca"},"content":{"rendered":"<p>* Las labores en las que tambi\u00e9n participa SSPC y CEBPEO forman parte de las acciones para dar con el paradero de Sandra Dom\u00ednguez y Alexander Hern\u00e1ndez<\/p>\n<p><strong>Oaxaca de Ju\u00e1rez, Oax. 11 de octubre de 2024.-<\/strong> Por segundo d\u00eda consecutivo, este viernes la Fiscal\u00eda General del Estado de Oaxaca (FGEO) coordina un operativo de b\u00fasqueda y localizaci\u00f3n junto a la Guardia Nacional, Secretar\u00eda de la Defensa Nacional (SEDENA) y la Secretar\u00eda de Seguridad y Protecci\u00f3n Ciudadana de Oaxaca, en diferentes localidades en la regi\u00f3n de la Cuenca del Papaloapan para dar con el paradero de Sandra Estefana Dom\u00ednguez Mart\u00ednez y Alexander Hern\u00e1ndez Hern\u00e1ndez.<\/p>\n<p>Esta segunda jornada del despliegue interinstitucional, forma parte de los actos de investigaci\u00f3n que se realizan en torno a los trabajos ministeriales para la localizaci\u00f3n de las v\u00edctimas.<\/p>\n<p>Gracias a las labores de inteligencia criminal se establecieron diferentes puntos de inter\u00e9s para las investigaciones con el objetivo de recabar datos relevantes, adem\u00e1s de recorrer sitios que habr\u00edan formado parte de las rutas por donde se presume pudieron estar las v\u00edctimas que fueron vistas por \u00faltima vez el pasado 4 de octubre de 2024.<\/p>\n<p><img fetchpriority=\"high\" decoding=\"async\" class=\"alignnone size-medium wp-image-7527\" src=\"https:\/\/portal.fgeo.gob.mx\/wp-content\/uploads\/2024\/10\/WhatsApp-Image-2024-10-11-at-09.42.53-1-300x225.jpeg\" alt=\"\" width=\"300\" height=\"225\" \/> <img decoding=\"async\" class=\"alignnone size-medium wp-image-7528\" src=\"https:\/\/portal.fgeo.gob.mx\/wp-content\/uploads\/2024\/10\/WhatsApp-Image-2024-10-11-at-09.42.53-169x300.jpeg\" alt=\"\" width=\"169\" height=\"300\" \/> <img decoding=\"async\" class=\"alignnone size-medium wp-image-7529\" src=\"https:\/\/portal.fgeo.gob.mx\/wp-content\/uploads\/2024\/10\/WhatsApp-Image-2024-10-11-at-09.42.52-4-300x225.jpeg\" alt=\"\" width=\"300\" height=\"225\" \/><\/p>\n<p>Las brigadas conformadas por personal de los tres niveles de gobierno, especializado en diferentes materias, realizan recorridos en brechas, caminos, parajes, localidades, municipios, adem\u00e1s de efectuar entrevistas con la poblaci\u00f3n para obtener la informaci\u00f3n necesaria que contribuya a la b\u00fasqueda y nutra las indagatorias.<\/p>\n<p>Por parte de la FGEO, adem\u00e1s de elementos de la Agencia Estatal de Investigaciones (AEI), tambi\u00e9n particip\u00f3 personal de la Unidad de Atenci\u00f3n a Personas No Localizadas, as\u00ed como de Desaparici\u00f3n de Personas, de la Vicefiscal\u00eda General de Atenci\u00f3n a V\u00edctimas y la Sociedad; trabajos a los que se sum\u00f3 la Unidad Especializada en Combate al Secuestro (UECS).<\/p>\n<p>Jornada de trabajo a la que tambi\u00e9n se uni\u00f3 personal de la Comisi\u00f3n Estatal de B\u00fasqueda de Personas Desaparecidas para el Estado de Oaxaca (CEBPEO).<\/p>\n<p>Respecto a los hechos, la Fiscal\u00eda de Oaxaca recibi\u00f3 la denuncia el 8 de octubre de 2024, en la que, familiares de Sandra Estefana Dom\u00ednguez Mart\u00ednez informaron a la instituci\u00f3n que ambas personas fueron vistas por \u00faltima vez el 4 de octubre de 2024 en Mar\u00eda Lombardo en la regi\u00f3n de la Cuenca del Papaloapan, por ello, de forma inmediata iniciaron las labores de investigaci\u00f3n a trav\u00e9s de la Vicefiscal\u00eda General de Atenci\u00f3n a V\u00edctimas y la Sociedad.<\/p>\n<p>Por lo anterior, de manera inmediata se activaron los protocolos de b\u00fasqueda y localizaci\u00f3n, labores que se intensifican con el segundo operativo para dar con su paradero, que se integra a los actos de investigaci\u00f3n para fortalecer la teor\u00eda del caso.<\/p>\n<p><img loading=\"lazy\" decoding=\"async\" class=\"alignnone size-medium wp-image-7522\" src=\"https:\/\/portal.fgeo.gob.mx\/wp-content\/uploads\/2024\/10\/WhatsApp-Image-2024-10-11-at-09.42.52-3-300x225.jpeg\" alt=\"\" width=\"300\" height=\"225\" \/> <img loading=\"lazy\" decoding=\"async\" class=\"alignnone size-medium wp-image-7523\" src=\"https:\/\/portal.fgeo.gob.mx\/wp-content\/uploads\/2024\/10\/WhatsApp-Image-2024-10-11-at-09.42.52-2-300x225.jpeg\" alt=\"\" width=\"300\" height=\"225\" \/> <img loading=\"lazy\" decoding=\"async\" class=\"alignnone size-medium wp-image-7524\" src=\"https:\/\/portal.fgeo.gob.mx\/wp-content\/uploads\/2024\/10\/WhatsApp-Image-2024-10-11-at-09.42.52-1-300x225.jpeg\" alt=\"\" width=\"300\" height=\"225\" \/> <img loading=\"lazy\" decoding=\"async\" class=\"alignnone size-medium wp-image-7525\" src=\"https:\/\/portal.fgeo.gob.mx\/wp-content\/uploads\/2024\/10\/WhatsApp-Image-2024-10-11-at-09.42.52-300x300.jpeg\" alt=\"\" width=\"300\" height=\"300\" \/> <img loading=\"lazy\" decoding=\"async\" class=\"alignnone size-medium wp-image-7526\" src=\"https:\/\/portal.fgeo.gob.mx\/wp-content\/uploads\/2024\/10\/WhatsApp-Image-2024-10-11-at-09.42.51-300x135.jpeg\" alt=\"\" width=\"300\" height=\"135\" \/><\/p>\n","protected":false},"author":2,"featured_media":7504,"comment_status":"closed","ping_status":"closed","template":"","tags":[],"categoria_noticias":[],"class_list":["post-16351","noticias","type-noticias","status-publish","has-post-thumbnail","hentry"],"acf":[],"mb":[],"mfb_rest_fields":["title","gutenberg_elementor_mode"],"_links":{"self":[{"href":"https:\/\/portal.fgeo.gob.mx\/index.php\/wp-json\/wp\/v2\/noticias\/16351","targetHints":{"allow":["GET"]}}],"collection":[{"href":"https:\/\/portal.fgeo.gob.mx\/index.php\/wp-json\/wp\/v2\/noticias"}],"about":[{"href":"https:\/\/portal.fgeo.gob.mx\/index.php\/wp-json\/wp\/v2\/types\/noticias"}],"author":[{"embeddable":true,"href":"https:\/\/portal.fgeo.gob.mx\/index.php\/wp-json\/wp\/v2\/users\/2"}],"replies":[{"embeddable":true,"href":"https:\/\/portal.fgeo.gob.mx\/index.php\/wp-json\/wp\/v2\/comments?post=16351"}],"wp:featuredmedia":[{"embeddable":true,"href":"https:\/\/portal.fgeo.gob.mx\/index.php\/wp-json\/"}],"wp:attachment":[{"href":"https:\/\/portal.fgeo.gob.mx\/index.php\/wp-json\/wp\/v2\/media?parent=16351"}],"wp:term":[{"taxonomy":"post_tag","embeddable":true,"href":"https:\/\/portal.fgeo.gob.mx\/index.php\/wp-json\/wp\/v2\/tags?post=16351"},{"taxonomy":"categoria_noticias","embeddable":true,"href":"https:\/\/portal.fgeo.gob.mx\/index.php\/wp-json\/wp\/v2\/categoria_noticias?post=16351"}],"curies":[{"name":"wp","href":"https:\/\/api.w.org\/{rel}","templated":true}]}}