{"id":16350,"date":"2024-10-10T16:23:10","date_gmt":"2024-10-10T22:23:10","guid":{"rendered":"https:\/\/fge.oaxaca.gob.mx\/?post_type=noticias&amp;p=7520"},"modified":"2024-10-10T16:23:10","modified_gmt":"2024-10-10T22:23:10","slug":"boletin-1002-establece-fiscalia-de-oaxaca-colaboracion-interinstitucional-con-fiscalia-de-veracruz-para-investigacion-en-desaparicion-de-sandra-dominguez-y-alexander-hernandez-tras-hallazgo-de-cami","status":"publish","type":"noticias","link":"https:\/\/portal.fgeo.gob.mx\/index.php\/archivos\/noticias\/boletin-1002-establece-fiscalia-de-oaxaca-colaboracion-interinstitucional-con-fiscalia-de-veracruz-para-investigacion-en-desaparicion-de-sandra-dominguez-y-alexander-hernandez-tras-hallazgo-de-cami","title":{"rendered":"BOLET\u00cdN 1002.- Establece Fiscal\u00eda de Oaxaca colaboraci\u00f3n interinstitucional con Fiscal\u00eda de Veracruz para investigaci\u00f3n en desaparici\u00f3n de Sandra Dom\u00ednguez y Alexander Hern\u00e1ndez, tras hallazgo de camioneta en Playa Vicente"},"content":{"rendered":"<p><strong>Oaxaca de Ju\u00e1rez, Oax. 10 de octubre de 2024.-<\/strong> La Fiscal\u00eda General del Estado de Oaxaca solicit\u00f3 a la Fiscal\u00eda General del Estado de Veracruz su intervenci\u00f3n y colaboraci\u00f3n ministerial en los trabajos de investigaci\u00f3n, as\u00ed como de b\u00fasqueda y localizaci\u00f3n de Sandra Dom\u00ednguez Mart\u00ednez y Alexander Hern\u00e1ndez Hern\u00e1ndez , luego de que las indagatorias revelaron que, el veh\u00edculo de las v\u00edctimas fue encontrado en Playa Vicente, perteneciente Veracruz; acciones que se realizan para fortalecer las labores en torno a este caso.<\/p>\n<p>Debido a que el veh\u00edculo de las v\u00edctimas fue hallado en territorio veracruzano, se hace necesario aplicar la corresponsabilidad en virtud del principio de territorialidad que establece la competencia legal de la Fiscal\u00eda General del Estado de Veracruz, por ello, se aplican los mecanismos legales necesarios para la coadyuvancia interinstitucional de forma directa en los trabajos de b\u00fasqueda y localizaci\u00f3n.<\/p>\n<p>Asimismo, la Fiscal\u00eda de Oaxaca aplica protocolos especializados con la perspectiva de g\u00e9nero como eje transversal al realizar las labores de b\u00fasqueda y localizaci\u00f3n, lo que implica que, dentro del proceso de investigaci\u00f3n se consideran todas las l\u00edneas que permita realizar los actos de investigaci\u00f3n tomando en cuenta las particularidades del caso para lo cual se emplean las herramientas de an\u00e1lisis de contexto de las v\u00edctimas.<\/p>\n<p>En este sentido, en el caso de Sandra Dom\u00ednguez Mart\u00ednez se considera su actividad como abogada, activista y defensora de derechos humanos, con el objetivo de detectar factores de riesgo derivadas tanto de sus labores cotidianas, as\u00ed como de la zona geogr\u00e1fica en la que se desenvolv\u00eda.<\/p>\n<p>Estos trabajos de an\u00e1lisis de contexto tambi\u00e9n aplican en el caso de Alexander Hern\u00e1ndez Hern\u00e1ndez, por lo que se analiza su perfil y actividades, esto con el objetivo de cubrir todas las l\u00edneas de investigaci\u00f3n que surjan y garantizar una adecuada aplicaci\u00f3n de lo que marcan los protocolos de b\u00fasqueda y localizaci\u00f3n.<\/p>\n<p>Derivado de los resultados de los an\u00e1lisis de contexto, la FGEO perfila y define la teor\u00eda del caso, adem\u00e1s que, dentro de los actos de investigaci\u00f3n en campo, se despleg\u00f3 a un equipo multidisciplinario en la regi\u00f3n de la Cuenca, para obtener la mayor cantidad de indicios y conocer rutas, an\u00e1lisis del registro telef\u00f3nico, as\u00ed como recabar testimonios y fortalecer cada uno de los rubros en los estudios de an\u00e1lisis de contexto en el que se sucede la desaparici\u00f3n.<\/p>\n<p>La Fiscal\u00eda de Oaxaca recibi\u00f3 la denuncia el 8 de octubre de 2024, en la que, familiares de Sandra Estefana Dom\u00ednguez Mart\u00ednez informaron a la instituci\u00f3n que ambas personas fueron vistas por \u00faltima vez el 4 de octubre de 2024 en Mar\u00eda Lombardo en la regi\u00f3n de la Cuenca del Papaloapan, por ello, de forma inmediata iniciaron las labores de investigaci\u00f3n a trav\u00e9s de la Vicefiscal\u00eda General de Atenci\u00f3n a V\u00edctimas y la Sociedad.<\/p>\n<p>La Fiscal\u00eda de Oaxaca aplica los protocolos de investigaci\u00f3n ante casos de personas No Localizadas en este tipo de casos, adem\u00e1s que realiza investigaci\u00f3n multidisciplinarias para integrar diferentes \u00e1reas hasta agotar los recursos ministeriales para dar con el paradero de las v\u00edctimas.<\/p>\n<p><img fetchpriority=\"high\" decoding=\"async\" class=\"alignnone size-medium wp-image-7509\" src=\"https:\/\/portal.fgeo.gob.mx\/wp-content\/uploads\/2024\/10\/WhatsApp-Image-2024-10-09-at-13.46.49-182x300.jpeg\" alt=\"\" width=\"182\" height=\"300\" \/> <img decoding=\"async\" class=\"alignnone size-medium wp-image-7508\" src=\"https:\/\/portal.fgeo.gob.mx\/wp-content\/uploads\/2024\/10\/WhatsApp-Image-2024-10-09-at-13.46.50-182x300.jpeg\" alt=\"\" width=\"182\" height=\"300\" \/><\/p>\n","protected":false},"author":2,"featured_media":7504,"comment_status":"closed","ping_status":"closed","template":"","tags":[],"categoria_noticias":[],"class_list":["post-16350","noticias","type-noticias","status-publish","has-post-thumbnail","hentry"],"acf":[],"mb":[],"mfb_rest_fields":["title","gutenberg_elementor_mode"],"_links":{"self":[{"href":"https:\/\/portal.fgeo.gob.mx\/index.php\/wp-json\/wp\/v2\/noticias\/16350","targetHints":{"allow":["GET"]}}],"collection":[{"href":"https:\/\/portal.fgeo.gob.mx\/index.php\/wp-json\/wp\/v2\/noticias"}],"about":[{"href":"https:\/\/portal.fgeo.gob.mx\/index.php\/wp-json\/wp\/v2\/types\/noticias"}],"author":[{"embeddable":true,"href":"https:\/\/portal.fgeo.gob.mx\/index.php\/wp-json\/wp\/v2\/users\/2"}],"replies":[{"embeddable":true,"href":"https:\/\/portal.fgeo.gob.mx\/index.php\/wp-json\/wp\/v2\/comments?post=16350"}],"wp:featuredmedia":[{"embeddable":true,"href":"https:\/\/portal.fgeo.gob.mx\/index.php\/wp-json\/"}],"wp:attachment":[{"href":"https:\/\/portal.fgeo.gob.mx\/index.php\/wp-json\/wp\/v2\/media?parent=16350"}],"wp:term":[{"taxonomy":"post_tag","embeddable":true,"href":"https:\/\/portal.fgeo.gob.mx\/index.php\/wp-json\/wp\/v2\/tags?post=16350"},{"taxonomy":"categoria_noticias","embeddable":true,"href":"https:\/\/portal.fgeo.gob.mx\/index.php\/wp-json\/wp\/v2\/categoria_noticias?post=16350"}],"curies":[{"name":"wp","href":"https:\/\/api.w.org\/{rel}","templated":true}]}}