{"id":16349,"date":"2024-10-09T13:51:03","date_gmt":"2024-10-09T19:51:03","guid":{"rendered":"https:\/\/fge.oaxaca.gob.mx\/?post_type=noticias&amp;p=7507"},"modified":"2024-10-09T13:51:03","modified_gmt":"2024-10-09T19:51:03","slug":"boletin-999-activa-fiscalia-de-oaxaca-protocolo-de-busqueda-localizacion-e-investigacion-de-sandra-dominguez-y-alexander-hernandez-hechos-ocurridos-en-la-cuenca","status":"publish","type":"noticias","link":"https:\/\/portal.fgeo.gob.mx\/index.php\/archivos\/noticias\/boletin-999-activa-fiscalia-de-oaxaca-protocolo-de-busqueda-localizacion-e-investigacion-de-sandra-dominguez-y-alexander-hernandez-hechos-ocurridos-en-la-cuenca","title":{"rendered":"BOLET\u00cdN 999.- Activa Fiscal\u00eda de Oaxaca protocolo de b\u00fasqueda, localizaci\u00f3n e investigaci\u00f3n de Sandra Dom\u00ednguez y Alexander Hern\u00e1ndez, hechos ocurridos en la Cuenca"},"content":{"rendered":"<p><strong>Oaxaca de Ju\u00e1rez, Oax. 09 de octubre de 2024.-<\/strong> La Fiscal\u00eda General del Estado de Oaxaca (FGEO) realiza las labores de b\u00fasqueda y localizaci\u00f3n de Sandra Estefana Dom\u00ednguez Mart\u00ednez y Alexander Hern\u00e1ndez Hern\u00e1ndez, quienes fueron reportados como no localizados por lo que se realizan las indagatorias aplicando los protocolos especializados en los que incluye la perspectiva de g\u00e9nero.<\/p>\n<p>De acuerdo con la denuncia recibida este 8 de octubre de 2024, familiares informaron a la instituci\u00f3n que ambas personas fueron vistas por \u00faltima vez el 4 de octubre de 2024, en Mar\u00eda Lombardo, en la regi\u00f3n de la Cuenca del Papaloapan. Al recibir la denuncia, la FGEO inici\u00f3 de manera inmediata las labores de investigaci\u00f3n a trav\u00e9s de la Vicefiscal\u00eda General de Atenci\u00f3n a V\u00edctimas y la Sociedad.<\/p>\n<p>La Fiscal\u00eda de Oaxaca despleg\u00f3 un equipo multidisciplinario integrado por personal de la Unidad de B\u00fasqueda de Personas No Localizadas para realizar los actos de investigaci\u00f3n necesarios que permitan localizar a las v\u00edctimas.<\/p>\n<p>Asimismo, la Fiscal\u00eda de Oaxaca realiza un an\u00e1lisis contextual de ambas personas no localizadas, esta herramienta de investigaci\u00f3n permitir\u00e1 indagar a profundidad en el entorno y actividades de ambas personas no localizadas, con el objetivo de obtener indicios que permitan identificar las causas y factores de riesgo, as\u00ed como indicios que puedan ser claves para su ubicaci\u00f3n.<\/p>\n<p>La FGEO realiza las indagatorias considerando todas las l\u00edneas de investigaci\u00f3n y con perspectiva de g\u00e9nero como un eje transversal que permita llevar a cabo los actos de investigaci\u00f3n considerando las particularidades del caso y de las personas no localizadas.<\/p>\n<p>La Fiscal\u00eda de Oaxaca reiter\u00f3 su compromiso de aplicar los protocolos de investigaci\u00f3n ante casos de personas No Localizadas para realizar investigaciones multidisciplinarias e integrar diferentes \u00e1reas hasta agotar los recursos ministeriales para dar con el paradero de las v\u00edctimas.<\/p>\n<p><img fetchpriority=\"high\" decoding=\"async\" class=\"alignnone size-medium wp-image-7508\" src=\"https:\/\/portal.fgeo.gob.mx\/wp-content\/uploads\/2024\/10\/WhatsApp-Image-2024-10-09-at-13.46.50-182x300.jpeg\" alt=\"\" width=\"182\" height=\"300\" \/> <img decoding=\"async\" class=\"alignnone size-medium wp-image-7509\" src=\"https:\/\/portal.fgeo.gob.mx\/wp-content\/uploads\/2024\/10\/WhatsApp-Image-2024-10-09-at-13.46.49-182x300.jpeg\" alt=\"\" width=\"182\" height=\"300\" \/><\/p>\n","protected":false},"author":2,"featured_media":7504,"comment_status":"closed","ping_status":"closed","template":"","tags":[],"categoria_noticias":[],"class_list":["post-16349","noticias","type-noticias","status-publish","has-post-thumbnail","hentry"],"acf":[],"mb":[],"mfb_rest_fields":["title","gutenberg_elementor_mode"],"_links":{"self":[{"href":"https:\/\/portal.fgeo.gob.mx\/index.php\/wp-json\/wp\/v2\/noticias\/16349","targetHints":{"allow":["GET"]}}],"collection":[{"href":"https:\/\/portal.fgeo.gob.mx\/index.php\/wp-json\/wp\/v2\/noticias"}],"about":[{"href":"https:\/\/portal.fgeo.gob.mx\/index.php\/wp-json\/wp\/v2\/types\/noticias"}],"author":[{"embeddable":true,"href":"https:\/\/portal.fgeo.gob.mx\/index.php\/wp-json\/wp\/v2\/users\/2"}],"replies":[{"embeddable":true,"href":"https:\/\/portal.fgeo.gob.mx\/index.php\/wp-json\/wp\/v2\/comments?post=16349"}],"wp:featuredmedia":[{"embeddable":true,"href":"https:\/\/portal.fgeo.gob.mx\/index.php\/wp-json\/"}],"wp:attachment":[{"href":"https:\/\/portal.fgeo.gob.mx\/index.php\/wp-json\/wp\/v2\/media?parent=16349"}],"wp:term":[{"taxonomy":"post_tag","embeddable":true,"href":"https:\/\/portal.fgeo.gob.mx\/index.php\/wp-json\/wp\/v2\/tags?post=16349"},{"taxonomy":"categoria_noticias","embeddable":true,"href":"https:\/\/portal.fgeo.gob.mx\/index.php\/wp-json\/wp\/v2\/categoria_noticias?post=16349"}],"curies":[{"name":"wp","href":"https:\/\/api.w.org\/{rel}","templated":true}]}}