{"id":16348,"date":"2024-10-09T11:08:11","date_gmt":"2024-10-09T17:08:11","guid":{"rendered":"https:\/\/fge.oaxaca.gob.mx\/?post_type=noticias&amp;p=7505"},"modified":"2024-10-09T11:08:11","modified_gmt":"2024-10-09T17:08:11","slug":"boletin-998-logra-fgeo-sentencia-de-70-anos-de-prision-contra-una-persona-por-el-delito-de-secuestro-en-la-region-de-la-costa","status":"publish","type":"noticias","link":"https:\/\/portal.fgeo.gob.mx\/index.php\/archivos\/noticias\/boletin-998-logra-fgeo-sentencia-de-70-anos-de-prision-contra-una-persona-por-el-delito-de-secuestro-en-la-region-de-la-costa","title":{"rendered":"BOLET\u00cdN 998.- Logra FGEO sentencia de 70 a\u00f1os de prisi\u00f3n contra una persona por el delito de Secuestro en la regi\u00f3n de la Costa"},"content":{"rendered":"<p>* Es la segunda persona sentenciada por estos hechos, previamente, en 2023, tambi\u00e9n se demostr\u00f3 la responsabilidad de Ciro J.P., quien particip\u00f3 en el secuestro de J.E.B.H.<\/p>\n<p><strong>\u00a0<\/strong><strong>Oaxaca de Ju\u00e1rez, Oax. 09 de octubre de 2024.-<\/strong> Derivado del trabajo ministerial especializado en delitos de alto impacto que realiza la Fiscal\u00eda General del Estado de Oaxaca (FGEO), se obtuvo una sentencia condenatoria de 70 a\u00f1os de prisi\u00f3n en contra de una persona del sexo masculino identificada como Sebasti\u00e1n S.R., por el delito de Secuestro Agravado, ocurrido en la regi\u00f3n de la Costa.<\/p>\n<p>Conforme a lo asentado en el expediente penal, los hechos ocurrieron el 16 de agosto de 2009 en inmediaciones de un restaurante denominado &#8220;Puesta del Sol&#8221;, que se ubica en la orilla de la carretera costera a la altura de la poblaci\u00f3n de Manialtepec, perteneciente a Villa de Tututepec de Melchor Ocampo, lugar donde lleg\u00f3 el hoy sentenciado junto con otras personas para privar de la libertad a la v\u00edctima, una persona adulta de identificada como J.E.B.H.<\/p>\n<p>La investigaci\u00f3n revela que, mientras la v\u00edctima estuvo en cautiverio, los captores se pusieron en contacto con la familia para exigir dinero en efectivo para su liberaci\u00f3n.<\/p>\n<p>Tras estos hechos y derivado de una denuncia interpuesta, la Fiscal\u00eda de Oaxaca tom\u00f3 conocimiento del caso e inici\u00f3 las investigaciones correspondientes a trav\u00e9s de la Vicefiscal\u00eda Regional de la Costa que despleg\u00f3 un equipo especializado en combate al secuestro, logrando obtener una orden de aprehensi\u00f3n contra el imputado.<\/p>\n<p>Una vez detenido, fue puesto a disposici\u00f3n de la autoridad que lo requiri\u00f3 y al evaluar los datos de prueba aportados por la FGEO, el Juez que conoce la causa dict\u00f3 70 a\u00f1os de prisi\u00f3n contra Sebasti\u00e1n S.R., por el delito de Secuestro Agravado.<\/p>\n<p>Sebasti\u00e1n S.R. es la segunda persona sentenciada por estos hechos, pues en el 2023 la Fiscal\u00eda demostr\u00f3 ante el Juez la responsabilidad de Ciro J.P., a quien tambi\u00e9n impuso 70 a\u00f1os de prisi\u00f3n.<\/p>\n<p>Los trabajos de combate al secuestro que realiza la Fiscal\u00eda de Oaxaca se efect\u00faan en estricto apego a los protocolos de actuaci\u00f3n en la materia para dar certeza a las v\u00edctimas directas e indirectas, para que tengan pleno acceso a la justicia.<\/p>\n<p><img fetchpriority=\"high\" decoding=\"async\" class=\"size-medium wp-image-7506\" src=\"https:\/\/portal.fgeo.gob.mx\/wp-content\/uploads\/2024\/10\/Dise%C3%B1o-sin-t%C3%ADtulo-4-300x224.jpg\" alt=\"\" width=\"300\" height=\"224\" \/><\/p>\n","protected":false},"author":2,"featured_media":7504,"comment_status":"closed","ping_status":"closed","template":"","tags":[],"categoria_noticias":[],"class_list":["post-16348","noticias","type-noticias","status-publish","has-post-thumbnail","hentry"],"acf":[],"mb":[],"mfb_rest_fields":["title","gutenberg_elementor_mode"],"_links":{"self":[{"href":"https:\/\/portal.fgeo.gob.mx\/index.php\/wp-json\/wp\/v2\/noticias\/16348","targetHints":{"allow":["GET"]}}],"collection":[{"href":"https:\/\/portal.fgeo.gob.mx\/index.php\/wp-json\/wp\/v2\/noticias"}],"about":[{"href":"https:\/\/portal.fgeo.gob.mx\/index.php\/wp-json\/wp\/v2\/types\/noticias"}],"author":[{"embeddable":true,"href":"https:\/\/portal.fgeo.gob.mx\/index.php\/wp-json\/wp\/v2\/users\/2"}],"replies":[{"embeddable":true,"href":"https:\/\/portal.fgeo.gob.mx\/index.php\/wp-json\/wp\/v2\/comments?post=16348"}],"wp:featuredmedia":[{"embeddable":true,"href":"https:\/\/portal.fgeo.gob.mx\/index.php\/wp-json\/"}],"wp:attachment":[{"href":"https:\/\/portal.fgeo.gob.mx\/index.php\/wp-json\/wp\/v2\/media?parent=16348"}],"wp:term":[{"taxonomy":"post_tag","embeddable":true,"href":"https:\/\/portal.fgeo.gob.mx\/index.php\/wp-json\/wp\/v2\/tags?post=16348"},{"taxonomy":"categoria_noticias","embeddable":true,"href":"https:\/\/portal.fgeo.gob.mx\/index.php\/wp-json\/wp\/v2\/categoria_noticias?post=16348"}],"curies":[{"name":"wp","href":"https:\/\/api.w.org\/{rel}","templated":true}]}}