{"id":16347,"date":"2024-10-08T13:03:27","date_gmt":"2024-10-08T19:03:27","guid":{"rendered":"https:\/\/fge.oaxaca.gob.mx\/?post_type=noticias&amp;p=7503"},"modified":"2024-10-08T13:03:27","modified_gmt":"2024-10-08T19:03:27","slug":"boletin-997-aprehende-fgeo-en-chiapas-a-una-persona-por-el-delito-de-desaparicion-cometida-por-particulares-en-agravio-de-un-ex-funcionario-de-los-sso-ocurrido-en-zimatlan-de-alvarez","status":"publish","type":"noticias","link":"https:\/\/portal.fgeo.gob.mx\/index.php\/archivos\/noticias\/boletin-997-aprehende-fgeo-en-chiapas-a-una-persona-por-el-delito-de-desaparicion-cometida-por-particulares-en-agravio-de-un-ex-funcionario-de-los-sso-ocurrido-en-zimatlan-de-alvarez","title":{"rendered":"BOLET\u00cdN 997.- Aprehende FGEO en Chiapas a una persona por el delito de Desaparici\u00f3n Cometida por Particulares, en agravio de un ex funcionario de los SSO, ocurrido en Zimatl\u00e1n de \u00c1lvarez"},"content":{"rendered":"<p>* Con la captura de J.A.R.S., suman tres personas procesadas por este caso, ocurrido en el mes de mayo de 2021; una de ellas ya fue sentenciada a 25 a\u00f1os de prisi\u00f3n<strong>\u00a0<\/strong><\/p>\n<p><strong>Oaxaca de Ju\u00e1rez, Oax. 08 de octubre de 2024.-<\/strong> La investigaci\u00f3n ministerial especializada en delitos de alto impacto que realizada la Fiscal\u00eda General del Estado de Oaxaca (FGEO), as\u00ed como el trabajo de colaboraci\u00f3n interinstitucional con la Fiscal\u00eda General del Estado de Chiapas, permitieron ejecutar una orden de aprehensi\u00f3n en contra de una persona del sexo masculino identificada como J.A.R.S., por el delito de Desaparici\u00f3n Cometida por Particulares, hechos suscitados en la regi\u00f3n de los Valles Centrales.<\/p>\n<p>La detenci\u00f3n se efectu\u00f3 el 01 de octubre de 2024 en operativo conjunto entre las Fiscal\u00edas de Chiapas y Oaxaca, cuando J.A.R.S. circulaba sobre el Libramiento Poniente Norte en jurisdicci\u00f3n de San Juan, Ocozocoautla de Espinosa, Chiapas, siendo trasladado inmediatamente al estado de Oaxaca para llevarlo ante la autoridad ministerial correspondiente que, a su vez, lo present\u00f3 ante el Juez de control.<\/p>\n<p>De acuerdo con el expediente penal, los hechos ocurrieron entre el 08 y 09 de mayo de 2021, cuando privaron de la libertad y de la vida a una persona del sexo masculino identificada como D.C.S., quien fuera ex funcionario de los Servicios de Salud de Oaxaca.<\/p>\n<p>La investigaci\u00f3n revela que, el 08 de mayo de 2021, el exfuncionario lleg\u00f3 a un domicilio ubicado en el paraje R\u00edo Rancho, del Barrio de San Juan del municipio de Zimatl\u00e1n de \u00c1lvarez, donde fue visto por \u00faltima vez.<\/p>\n<p>Derivado de la denuncia penal, la Fiscal\u00eda de Oaxaca tom\u00f3 conocimiento del caso e inici\u00f3 las investigaciones correspondientes a trav\u00e9s de la Unidad Especializada de Desaparici\u00f3n Forzada, perteneciente a la Vicefiscal\u00eda General de Atenci\u00f3n a V\u00edctimas y a la Sociedad, logrando obtener las \u00f3rdenes de aprehensi\u00f3n correspondientes al caso.<\/p>\n<p>Cabe mencionar que con la detenci\u00f3n de J.A.R.S., suman tres las personas detenidas y bajo proceso penal por este caso, entre ellas, un hombre identificado como Felipe de Jes\u00fas. M.P., alias &#8220;Richi&#8221; o &#8220;C\u00e1rnico&#8221; quien recibi\u00f3 una sentencia de 25 a\u00f1os de prisi\u00f3n, adem\u00e1s de una mujer identificada como A.L.C.P., quien se est\u00e1 bajo proceso penal.<\/p>\n<p>La Fiscal\u00eda General de Oaxaca refrenda su compromiso de trabajar para ofrecer resultados inmediatos e impedir que la comisi\u00f3n de delitos quede en la impunidad, como parte de los procesos de procuraci\u00f3n de justicia a favor de las v\u00edctimas directas e indirectas, sobre todo en delitos como desaparici\u00f3n de personas que lesionan el tejido social de la entidad.<\/p>\n<p>&nbsp;<\/p>\n","protected":false},"author":2,"featured_media":7504,"comment_status":"closed","ping_status":"closed","template":"","tags":[],"categoria_noticias":[],"class_list":["post-16347","noticias","type-noticias","status-publish","has-post-thumbnail","hentry"],"acf":[],"mb":[],"mfb_rest_fields":["title","gutenberg_elementor_mode"],"_links":{"self":[{"href":"https:\/\/portal.fgeo.gob.mx\/index.php\/wp-json\/wp\/v2\/noticias\/16347","targetHints":{"allow":["GET"]}}],"collection":[{"href":"https:\/\/portal.fgeo.gob.mx\/index.php\/wp-json\/wp\/v2\/noticias"}],"about":[{"href":"https:\/\/portal.fgeo.gob.mx\/index.php\/wp-json\/wp\/v2\/types\/noticias"}],"author":[{"embeddable":true,"href":"https:\/\/portal.fgeo.gob.mx\/index.php\/wp-json\/wp\/v2\/users\/2"}],"replies":[{"embeddable":true,"href":"https:\/\/portal.fgeo.gob.mx\/index.php\/wp-json\/wp\/v2\/comments?post=16347"}],"wp:featuredmedia":[{"embeddable":true,"href":"https:\/\/portal.fgeo.gob.mx\/index.php\/wp-json\/"}],"wp:attachment":[{"href":"https:\/\/portal.fgeo.gob.mx\/index.php\/wp-json\/wp\/v2\/media?parent=16347"}],"wp:term":[{"taxonomy":"post_tag","embeddable":true,"href":"https:\/\/portal.fgeo.gob.mx\/index.php\/wp-json\/wp\/v2\/tags?post=16347"},{"taxonomy":"categoria_noticias","embeddable":true,"href":"https:\/\/portal.fgeo.gob.mx\/index.php\/wp-json\/wp\/v2\/categoria_noticias?post=16347"}],"curies":[{"name":"wp","href":"https:\/\/api.w.org\/{rel}","templated":true}]}}