{"id":16346,"date":"2024-10-08T09:40:37","date_gmt":"2024-10-08T15:40:37","guid":{"rendered":"https:\/\/fge.oaxaca.gob.mx\/?post_type=noticias&amp;p=7501"},"modified":"2024-10-08T09:40:37","modified_gmt":"2024-10-08T15:40:37","slug":"boletin-996-fiscalia-de-oaxaca-localiza-y-aprehende-a-una-persona-por-feminicidio-agravado-cometido-en-san-pedro-pochutla","status":"publish","type":"noticias","link":"https:\/\/portal.fgeo.gob.mx\/index.php\/archivos\/noticias\/boletin-996-fiscalia-de-oaxaca-localiza-y-aprehende-a-una-persona-por-feminicidio-agravado-cometido-en-san-pedro-pochutla","title":{"rendered":"BOLET\u00cdN 996.- Fiscal\u00eda de Oaxaca localiza y aprehende a una persona por feminicidio agravado, cometido en San Pedro Pochutla"},"content":{"rendered":"<p><strong>Oaxaca de Ju\u00e1rez, Oax. 08 de octubre de 2024.-<\/strong> Como resultado de los trabajos de investigaci\u00f3n e inteligencia criminal que realiza la Fiscal\u00eda General del Estado de Oaxaca (FGEO) fue posible dar con el paradero y realizar la detenci\u00f3n de una persona del sexo masculino identificado como M.F.R., por el delito de feminicidio agravado cometido contra la v\u00edctima H.D.C., ocurrido en San Pedro Pochutla.<\/p>\n<p>De acuerdo con la causa penal, los hechos sucedieron el 06 de octubre de 2024, cuando la v\u00edctima se encontraba en compa\u00f1\u00eda de su agresor en su domicilio ubicado en la calle del Sol, en la localidad de Puerto \u00c1ngel, perteneciente al municipio de San Pedro Pochutla, sitio en donde la v\u00edctima fue atacada de manera f\u00edsica, sufriendo lesiones en diversas partes del cuerpo las cuales le provocaron la muerte.<\/p>\n<p>Al tener conocimiento del caso, la Fiscal\u00eda de Oaxaca inici\u00f3 los trabajos de investigaci\u00f3n correspondiente a trav\u00e9s de la Vicefiscal\u00eda Regional de la Costa, y gracias a las pruebas aportadas, se otorg\u00f3 la orden de aprehensi\u00f3n correspondiente.<\/p>\n<p>Para dar con el paradero del imputado, se realizaron trabajos de inteligencia criminal que permitieron saber que ya no se encontraba en la regi\u00f3n de la Costa, sino que M. F. R. fue localizado y detenido en los Valles Centrales.<\/p>\n<p>Tras la aprehensi\u00f3n, M.F.R. fue puesto a disposici\u00f3n de las autoridades correspondientes para determinar su situaci\u00f3n jur\u00eddica en las pr\u00f3ximas horas.<\/p>\n<p>Ante casos de delitos cometidos contra mujeres, ni\u00f1as y adolescentes, la Fiscal\u00eda de Oaxaca tiene como prioridad procurar justicia para las v\u00edctimas directas e indirectas de estos hechos, con el objetivo de evitar la impunidad y desincentivar la comisi\u00f3n de estos actos que lesionan profundamente el tejido social.<\/p>\n<p><img fetchpriority=\"high\" decoding=\"async\" class=\"alignnone size-medium wp-image-7502\" src=\"https:\/\/portal.fgeo.gob.mx\/wp-content\/uploads\/2024\/10\/Dise%C3%B1o-sin-t%C3%ADtulo-3-300x184.jpg\" alt=\"\" width=\"300\" height=\"184\" \/><\/p>\n","protected":false},"author":2,"featured_media":7352,"comment_status":"closed","ping_status":"closed","template":"","tags":[],"categoria_noticias":[],"class_list":["post-16346","noticias","type-noticias","status-publish","has-post-thumbnail","hentry"],"acf":[],"mb":[],"mfb_rest_fields":["title","gutenberg_elementor_mode"],"_links":{"self":[{"href":"https:\/\/portal.fgeo.gob.mx\/index.php\/wp-json\/wp\/v2\/noticias\/16346","targetHints":{"allow":["GET"]}}],"collection":[{"href":"https:\/\/portal.fgeo.gob.mx\/index.php\/wp-json\/wp\/v2\/noticias"}],"about":[{"href":"https:\/\/portal.fgeo.gob.mx\/index.php\/wp-json\/wp\/v2\/types\/noticias"}],"author":[{"embeddable":true,"href":"https:\/\/portal.fgeo.gob.mx\/index.php\/wp-json\/wp\/v2\/users\/2"}],"replies":[{"embeddable":true,"href":"https:\/\/portal.fgeo.gob.mx\/index.php\/wp-json\/wp\/v2\/comments?post=16346"}],"wp:featuredmedia":[{"embeddable":true,"href":"https:\/\/portal.fgeo.gob.mx\/index.php\/wp-json\/"}],"wp:attachment":[{"href":"https:\/\/portal.fgeo.gob.mx\/index.php\/wp-json\/wp\/v2\/media?parent=16346"}],"wp:term":[{"taxonomy":"post_tag","embeddable":true,"href":"https:\/\/portal.fgeo.gob.mx\/index.php\/wp-json\/wp\/v2\/tags?post=16346"},{"taxonomy":"categoria_noticias","embeddable":true,"href":"https:\/\/portal.fgeo.gob.mx\/index.php\/wp-json\/wp\/v2\/categoria_noticias?post=16346"}],"curies":[{"name":"wp","href":"https:\/\/api.w.org\/{rel}","templated":true}]}}