{"id":16345,"date":"2024-10-07T13:00:19","date_gmt":"2024-10-07T19:00:19","guid":{"rendered":"https:\/\/fge.oaxaca.gob.mx\/?post_type=noticias&amp;p=7500"},"modified":"2024-10-07T13:00:19","modified_gmt":"2024-10-07T19:00:19","slug":"boletin-995-obtiene-fgeo-vinculacion-a-proceso-contra-imputado-por-el-delito-de-violencia-familiar-cometido-en-santa-lucia-del-camino","status":"publish","type":"noticias","link":"https:\/\/portal.fgeo.gob.mx\/index.php\/archivos\/noticias\/boletin-995-obtiene-fgeo-vinculacion-a-proceso-contra-imputado-por-el-delito-de-violencia-familiar-cometido-en-santa-lucia-del-camino","title":{"rendered":"BOLET\u00cdN 995.- Obtiene FGEO vinculaci\u00f3n a proceso contra imputado por el delito de violencia familiar, cometido en Santa Luc\u00eda del Camino"},"content":{"rendered":"<p><strong>Oaxaca de Ju\u00e1rez, Oax. 07 de octubre de 2024.-<\/strong> Como parte de la estrategia de cero tolerancia a delitos contra la mujer por raz\u00f3n de g\u00e9nero, la Fiscal\u00eda General del Estado de Oaxaca (FGEO) obtuvo auto de vinculaci\u00f3n a proceso y prisi\u00f3n preventiva en contra de una persona del sexo masculino identificada como C.E.M.M., por el delito de Violencia Familiar cometido en la regi\u00f3n de los Valles Centrales.<\/p>\n<p>De acuerdo con el expediente penal del caso, la v\u00edctima identificada como D.K.H.T. -pareja del imputado-, fue agredida de manera verbal y f\u00edsica en diferentes ocasiones durante el mes de abril de 2024, en un domicilio ubicado en San Francisco Tutla, perteneciente al municipio de Santa Luc\u00eda del Camino. Adem\u00e1s, la investigaci\u00f3n revela que, en reiteradas ocasiones, la v\u00edctima sufri\u00f3 violencia durante el desarrollo de su relaci\u00f3n.<\/p>\n<p>Ante estos hechos, la FGEO tom\u00f3 conocimiento del caso y, a trav\u00e9s de la Fiscal\u00eda Especializada para la Atenci\u00f3n de Delitos contra la Mujer por Raz\u00f3n de G\u00e9nero, obtuvo una orden de aprehensi\u00f3n contra C.E.M.M., quien fue detenido por elementos de la Agencia Estatal de Investigaciones (AEI) para luego llevarlo ante el juzgado correspondiente.<\/p>\n<p>Una vez presentado ante la autoridad competente y tras aportar las pruebas ministeriales, el Juez que atiende la causa dict\u00f3 auto de vinculaci\u00f3n a proceso en contra de C.E.M.M., por el delito de violencia familiar e impuso la medida cautelar de prisi\u00f3n preventiva justificada, adem\u00e1s de otorgar dos meses para el cierre de la investigaci\u00f3n complementaria.<\/p>\n<p>La Fiscal\u00eda de Oaxaca est\u00e1 comprometida con brindar investigaciones prontas, especialmente en materia del delito de violencia familiar, pues con esto busca garantizar a las v\u00edctimas procesos de procuraci\u00f3n de justicia eficientes.<\/p>\n<p><img fetchpriority=\"high\" decoding=\"async\" class=\"alignnone size-medium wp-image-7483\" src=\"https:\/\/portal.fgeo.gob.mx\/wp-content\/uploads\/2024\/10\/Dise%C3%B1o-sin-t%C3%ADtulo-1-225x300.jpg\" alt=\"\" width=\"225\" height=\"300\" \/><\/p>\n","protected":false},"author":2,"featured_media":7352,"comment_status":"closed","ping_status":"closed","template":"","tags":[],"categoria_noticias":[],"class_list":["post-16345","noticias","type-noticias","status-publish","has-post-thumbnail","hentry"],"acf":[],"mb":[],"mfb_rest_fields":["title","gutenberg_elementor_mode"],"_links":{"self":[{"href":"https:\/\/portal.fgeo.gob.mx\/index.php\/wp-json\/wp\/v2\/noticias\/16345","targetHints":{"allow":["GET"]}}],"collection":[{"href":"https:\/\/portal.fgeo.gob.mx\/index.php\/wp-json\/wp\/v2\/noticias"}],"about":[{"href":"https:\/\/portal.fgeo.gob.mx\/index.php\/wp-json\/wp\/v2\/types\/noticias"}],"author":[{"embeddable":true,"href":"https:\/\/portal.fgeo.gob.mx\/index.php\/wp-json\/wp\/v2\/users\/2"}],"replies":[{"embeddable":true,"href":"https:\/\/portal.fgeo.gob.mx\/index.php\/wp-json\/wp\/v2\/comments?post=16345"}],"wp:featuredmedia":[{"embeddable":true,"href":"https:\/\/portal.fgeo.gob.mx\/index.php\/wp-json\/"}],"wp:attachment":[{"href":"https:\/\/portal.fgeo.gob.mx\/index.php\/wp-json\/wp\/v2\/media?parent=16345"}],"wp:term":[{"taxonomy":"post_tag","embeddable":true,"href":"https:\/\/portal.fgeo.gob.mx\/index.php\/wp-json\/wp\/v2\/tags?post=16345"},{"taxonomy":"categoria_noticias","embeddable":true,"href":"https:\/\/portal.fgeo.gob.mx\/index.php\/wp-json\/wp\/v2\/categoria_noticias?post=16345"}],"curies":[{"name":"wp","href":"https:\/\/api.w.org\/{rel}","templated":true}]}}