{"id":16341,"date":"2024-10-03T10:35:56","date_gmt":"2024-10-03T16:35:56","guid":{"rendered":"https:\/\/fge.oaxaca.gob.mx\/?post_type=noticias&amp;p=7481"},"modified":"2024-10-03T10:35:56","modified_gmt":"2024-10-03T16:35:56","slug":"boletin-989-fiscalia-de-oaxaca-obtiene-sentencia-de-30-anos-de-prision-contra-imputado-por-homicidio-cometido-en-san-miguel-soyaltepec-en-la-region-de-la-cuenca","status":"publish","type":"noticias","link":"https:\/\/portal.fgeo.gob.mx\/index.php\/archivos\/noticias\/boletin-989-fiscalia-de-oaxaca-obtiene-sentencia-de-30-anos-de-prision-contra-imputado-por-homicidio-cometido-en-san-miguel-soyaltepec-en-la-region-de-la-cuenca","title":{"rendered":"BOLET\u00cdN 989.- Fiscal\u00eda de Oaxaca obtiene sentencia de 30 a\u00f1os de prisi\u00f3n contra imputado por homicidio cometido en San Miguel Soyaltepec en la regi\u00f3n de la Cuenca"},"content":{"rendered":"<p><strong>Oaxaca de Ju\u00e1rez, Oax. 03 de octubre de 2024.-<\/strong>Derivado de los trabajos de Investigaci\u00f3n especializada en delitos de alto impacto, la Fiscal\u00eda General del Estado de Oaxaca (FGEO) obtuvo una sentencia condenatoria de 30 a\u00f1os de prisi\u00f3n en contra de una persona del sexo masculino identificado como Francisco C.R., por el delito de Homicidio Calificado, ocurrido en la regi\u00f3n de la Cuenca del Papaloapan.<\/p>\n<p>De acuerdo con lo establecido en la causa penal, los hechos se suscitaron el d\u00eda 18 de junio de 2023, cuando la v\u00edctima -identificada como R.C.O.- se encontraba reunido con otras personas, en un domicilio ubicado en la calle Sor Juana In\u00e9s de la Cruz en la poblaci\u00f3n del Carmen, San Miguel Soyaltepec.<\/p>\n<p>El expediente revela que al lugar de la reuni\u00f3n se acerc\u00f3 Francisco C.R., y con el arma de fuego que portaba, dispar\u00f3 contra ellos, privando de la vida a R.C.O., y dejando lesionado a su hijo, tras estos hechos, el imputado fue sometido por otras personas para desarmarlo.<\/p>\n<p>Ante estos hechos, la FGEO inici\u00f3 las investigaciones correspondientes a trav\u00e9s de la Vicefiscal\u00eda Regional de la Cuenca, logrando aprehender y presentar al imputado ante el Juez que lo requiri\u00f3.<\/p>\n<p>Tras el desahogo de pruebas aportadas por el Ministerio P\u00fablico, el Juez que atiende la causa, dict\u00f3 sentencia condenatoria de 30 a\u00f1os de prisi\u00f3n, as\u00ed como el pago de m\u00e1s de 500 mil pesos por concepto de reparaci\u00f3n del da\u00f1o.<\/p>\n<p>Para la Fiscal\u00eda de Oaxaca, el empleo de protocolos y la aplicaci\u00f3n de t\u00e9cnicas cient\u00edficas en las investigaciones de cr\u00edmenes, permiten tener certeza en los trabajos de procuraci\u00f3n de justicia en el estado.<\/p>\n<p>&nbsp;<\/p>\n<p>&nbsp;<\/p>\n","protected":false},"author":2,"featured_media":7352,"comment_status":"closed","ping_status":"closed","template":"","tags":[],"categoria_noticias":[],"class_list":["post-16341","noticias","type-noticias","status-publish","has-post-thumbnail","hentry"],"acf":[],"mb":[],"mfb_rest_fields":["title","gutenberg_elementor_mode"],"_links":{"self":[{"href":"https:\/\/portal.fgeo.gob.mx\/index.php\/wp-json\/wp\/v2\/noticias\/16341","targetHints":{"allow":["GET"]}}],"collection":[{"href":"https:\/\/portal.fgeo.gob.mx\/index.php\/wp-json\/wp\/v2\/noticias"}],"about":[{"href":"https:\/\/portal.fgeo.gob.mx\/index.php\/wp-json\/wp\/v2\/types\/noticias"}],"author":[{"embeddable":true,"href":"https:\/\/portal.fgeo.gob.mx\/index.php\/wp-json\/wp\/v2\/users\/2"}],"replies":[{"embeddable":true,"href":"https:\/\/portal.fgeo.gob.mx\/index.php\/wp-json\/wp\/v2\/comments?post=16341"}],"wp:featuredmedia":[{"embeddable":true,"href":"https:\/\/portal.fgeo.gob.mx\/index.php\/wp-json\/"}],"wp:attachment":[{"href":"https:\/\/portal.fgeo.gob.mx\/index.php\/wp-json\/wp\/v2\/media?parent=16341"}],"wp:term":[{"taxonomy":"post_tag","embeddable":true,"href":"https:\/\/portal.fgeo.gob.mx\/index.php\/wp-json\/wp\/v2\/tags?post=16341"},{"taxonomy":"categoria_noticias","embeddable":true,"href":"https:\/\/portal.fgeo.gob.mx\/index.php\/wp-json\/wp\/v2\/categoria_noticias?post=16341"}],"curies":[{"name":"wp","href":"https:\/\/api.w.org\/{rel}","templated":true}]}}