{"id":16340,"date":"2024-10-02T14:52:21","date_gmt":"2024-10-02T20:52:21","guid":{"rendered":"https:\/\/fge.oaxaca.gob.mx\/?post_type=noticias&amp;p=7479"},"modified":"2024-10-02T14:52:21","modified_gmt":"2024-10-02T20:52:21","slug":"boletin-988-ejecuta-fiscalia-de-oaxaca-orden-de-aprehension-contra-dueno-de-perros-que-causaron-muerte-de-una-mujer-tras-agresion-en-santa-lucia-del-camino","status":"publish","type":"noticias","link":"https:\/\/portal.fgeo.gob.mx\/index.php\/archivos\/noticias\/boletin-988-ejecuta-fiscalia-de-oaxaca-orden-de-aprehension-contra-dueno-de-perros-que-causaron-muerte-de-una-mujer-tras-agresion-en-santa-lucia-del-camino","title":{"rendered":"BOLET\u00cdN 988.- Ejecuta Fiscal\u00eda de Oaxaca orden de aprehensi\u00f3n contra due\u00f1o de perros que causaron muerte de una mujer tras agresi\u00f3n en Santa Lucia del Camino"},"content":{"rendered":"<p><strong>Oaxaca de Ju\u00e1rez, Oax. 02 de octubre de 2024.- <\/strong>La Fiscal\u00eda General del Estado de Oaxaca (FGEO) ejecut\u00f3 una orden de aprehensi\u00f3n contra una persona del sexo masculino identificado como M.O.C., por el delito de Homicidio Culposo, cometido en agravio de I.T.H., hechos ocurridos en San Francisco Tutla, en el municipio de Santa Luc\u00eda del Camino.<\/p>\n<p>De acuerdo con el expediente penal del caso, los hechos ocurrieron el 01 de septiembre de 2024, mientras la v\u00edctima caminaba por la tercera privada de surcos largos de San Francisco Tutla, perteneciente al municipio de Santa Luc\u00eda del Camino, cuando fue atacada por unos perros -propiedad de un vecino-, los cuales ocasionaron diversas lesiones en diferentes partes del cuerpo de la v\u00edctima a consecuencia de las cuales perdi\u00f3 la vida mientras recib\u00eda atenci\u00f3n m\u00e9dica.<\/p>\n<p>Ante estos hechos, la Fiscal\u00eda de Oaxaca inici\u00f3 las investigaciones correspondientes, obteniendo resultados con los que se solicit\u00f3 una orden de aprehensi\u00f3n en contra del due\u00f1o de los animales.<\/p>\n<p>Luego de la detenci\u00f3n M.O.C., fue puesto a disposici\u00f3n de la autoridad ministerial correspondiente para determinar su situaci\u00f3n jur\u00eddica.<\/p>\n<p>La Fiscal\u00eda General de Oaxaca reitera su compromiso de brindar acompa\u00f1amiento a las v\u00edctimas directas e indirectas para que logren una reparaci\u00f3n integral del da\u00f1o, pues es prioridad del organismo procurador de justicia la protecci\u00f3n de los derechos de las v\u00edctimas, por lo que realizar\u00e1 todas las acciones necesarias para que no haya impunidad en este caso.<\/p>\n<p><img fetchpriority=\"high\" decoding=\"async\" class=\"alignnone size-medium wp-image-7480\" src=\"https:\/\/portal.fgeo.gob.mx\/wp-content\/uploads\/2024\/10\/1-300x225.jpeg\" alt=\"\" width=\"300\" height=\"225\" \/><\/p>\n","protected":false},"author":2,"featured_media":7352,"comment_status":"closed","ping_status":"closed","template":"","tags":[],"categoria_noticias":[],"class_list":["post-16340","noticias","type-noticias","status-publish","has-post-thumbnail","hentry"],"acf":[],"mb":[],"mfb_rest_fields":["title","gutenberg_elementor_mode"],"_links":{"self":[{"href":"https:\/\/portal.fgeo.gob.mx\/index.php\/wp-json\/wp\/v2\/noticias\/16340","targetHints":{"allow":["GET"]}}],"collection":[{"href":"https:\/\/portal.fgeo.gob.mx\/index.php\/wp-json\/wp\/v2\/noticias"}],"about":[{"href":"https:\/\/portal.fgeo.gob.mx\/index.php\/wp-json\/wp\/v2\/types\/noticias"}],"author":[{"embeddable":true,"href":"https:\/\/portal.fgeo.gob.mx\/index.php\/wp-json\/wp\/v2\/users\/2"}],"replies":[{"embeddable":true,"href":"https:\/\/portal.fgeo.gob.mx\/index.php\/wp-json\/wp\/v2\/comments?post=16340"}],"wp:featuredmedia":[{"embeddable":true,"href":"https:\/\/portal.fgeo.gob.mx\/index.php\/wp-json\/"}],"wp:attachment":[{"href":"https:\/\/portal.fgeo.gob.mx\/index.php\/wp-json\/wp\/v2\/media?parent=16340"}],"wp:term":[{"taxonomy":"post_tag","embeddable":true,"href":"https:\/\/portal.fgeo.gob.mx\/index.php\/wp-json\/wp\/v2\/tags?post=16340"},{"taxonomy":"categoria_noticias","embeddable":true,"href":"https:\/\/portal.fgeo.gob.mx\/index.php\/wp-json\/wp\/v2\/categoria_noticias?post=16340"}],"curies":[{"name":"wp","href":"https:\/\/api.w.org\/{rel}","templated":true}]}}