{"id":16336,"date":"2024-09-28T15:36:52","date_gmt":"2024-09-28T21:36:52","guid":{"rendered":"https:\/\/fge.oaxaca.gob.mx\/?post_type=noticias&amp;p=7472"},"modified":"2024-09-28T15:36:52","modified_gmt":"2024-09-28T21:36:52","slug":"boletin-984-fiscalia-de-oaxaca-reclasifica-delito-e-investiga-por-homicidio-culposo-agresion-de-perros-a-consecuencia-de-la-cual-perdio-la-vida-una-mujer-por-hechos-ocurridos-en-san-francisco-tutla","status":"publish","type":"noticias","link":"https:\/\/portal.fgeo.gob.mx\/index.php\/archivos\/noticias\/boletin-984-fiscalia-de-oaxaca-reclasifica-delito-e-investiga-por-homicidio-culposo-agresion-de-perros-a-consecuencia-de-la-cual-perdio-la-vida-una-mujer-por-hechos-ocurridos-en-san-francisco-tutla","title":{"rendered":"BOLET\u00cdN 984 -Fiscal\u00eda de Oaxaca reclasifica delito e investiga por Homicidio Culposo, agresi\u00f3n de perros a consecuencia de la cual perdi\u00f3 la vida una mujer, por hechos ocurridos en San Francisco Tutla"},"content":{"rendered":"<p><strong>Oaxaca de Ju\u00e1rez, Oax., a \u00a028 de septiembre de 2024.<\/strong>&#8211;\u00a0 Como parte del seguimiento puntual al caso, luego del fallecimiento de una persona del sexo femenino identificada como I.T.H., quien perdi\u00f3 la vida a consecuencia de las lesiones provocadas por el ataque de un perro, la Fiscal\u00eda General del Estado de Oaxaca (FGEO) reclasific\u00f3 el delito que pas\u00f3 de lesiones culposas a homicidio culposo.<\/p>\n<p>Por lo que, a trav\u00e9s de la Vicefiscal\u00eda de Valles Centrales se realizan los trabajos legales para que las v\u00edctimas directas e indirectas tengan pleno acceso a la justicia, empleando las herramientas jur\u00eddicas y los mecanismos de procuraci\u00f3n de justicia que implementa la Fiscal\u00eda.<\/p>\n<p>Cabe mencionar que, luego del ataque, la FGEO realiz\u00f3 los trabajos ministeriales correspondientes, as\u00ed como los actos de investigaci\u00f3n pertinentes y solicit\u00f3 la orden de aprehensi\u00f3n contra la propietario o due\u00f1o de los perros que agredi\u00f3 a la v\u00edctima, pero el juez que atiende la causa neg\u00f3 la emisi\u00f3n de dicho mandato judicial, por lo que la Fiscal\u00eda solicit\u00f3 una cita judicial para que el caso no quedara impune.<\/p>\n<p>De acuerdo con las investigaciones, los hechos ocurrieron el 01 de septiembre de 2024, mientras la v\u00edctima caminaba por la Tercera Privada de Surcos Largos de San Francisco Tutla, perteneciente \u00a0\u00a0\u00a0al Municipio de Santa Luc\u00eda del Camino, cuando fue atacada por unos perros -propiedad de un vecino-, los cuales ocasionaron diversas lesiones en diferentes partes del cuerpo de la v\u00edctima, quien qued\u00f3 internada para su atenci\u00f3n m\u00e9dica.<\/p>\n<p>La Fiscal\u00eda General de Oaxaca reitera su compromiso de brindar acompa\u00f1amiento a las v\u00edctimas directas e indirectas para que logren una reparaci\u00f3n integral del da\u00f1o, pues es prioridad del organismo procurador de justicia la protecci\u00f3n de los derechos de las v\u00edctimas, por lo que realizar\u00e1 todas las acciones necesarias para que no haya impunidad en este caso.<\/p>\n<p>&nbsp;<\/p>\n","protected":false},"author":2,"featured_media":7352,"comment_status":"closed","ping_status":"closed","template":"","tags":[],"categoria_noticias":[],"class_list":["post-16336","noticias","type-noticias","status-publish","has-post-thumbnail","hentry"],"acf":[],"mb":[],"mfb_rest_fields":["title","gutenberg_elementor_mode"],"_links":{"self":[{"href":"https:\/\/portal.fgeo.gob.mx\/index.php\/wp-json\/wp\/v2\/noticias\/16336","targetHints":{"allow":["GET"]}}],"collection":[{"href":"https:\/\/portal.fgeo.gob.mx\/index.php\/wp-json\/wp\/v2\/noticias"}],"about":[{"href":"https:\/\/portal.fgeo.gob.mx\/index.php\/wp-json\/wp\/v2\/types\/noticias"}],"author":[{"embeddable":true,"href":"https:\/\/portal.fgeo.gob.mx\/index.php\/wp-json\/wp\/v2\/users\/2"}],"replies":[{"embeddable":true,"href":"https:\/\/portal.fgeo.gob.mx\/index.php\/wp-json\/wp\/v2\/comments?post=16336"}],"wp:featuredmedia":[{"embeddable":true,"href":"https:\/\/portal.fgeo.gob.mx\/index.php\/wp-json\/"}],"wp:attachment":[{"href":"https:\/\/portal.fgeo.gob.mx\/index.php\/wp-json\/wp\/v2\/media?parent=16336"}],"wp:term":[{"taxonomy":"post_tag","embeddable":true,"href":"https:\/\/portal.fgeo.gob.mx\/index.php\/wp-json\/wp\/v2\/tags?post=16336"},{"taxonomy":"categoria_noticias","embeddable":true,"href":"https:\/\/portal.fgeo.gob.mx\/index.php\/wp-json\/wp\/v2\/categoria_noticias?post=16336"}],"curies":[{"name":"wp","href":"https:\/\/api.w.org\/{rel}","templated":true}]}}