{"id":16332,"date":"2024-09-24T13:46:49","date_gmt":"2024-09-24T19:46:49","guid":{"rendered":"https:\/\/fge.oaxaca.gob.mx\/?post_type=noticias&amp;p=7442"},"modified":"2024-09-24T13:46:49","modified_gmt":"2024-09-24T19:46:49","slug":"boletin-977-obtiene-fiscalia-de-oaxaca-sentencia-de-120-anos-de-prision-contra-responsable-de-violacion-equiparada-contra-dos-menores-de-edad-cometido-en-la-sierra-de-flores-magon","status":"publish","type":"noticias","link":"https:\/\/portal.fgeo.gob.mx\/index.php\/archivos\/noticias\/boletin-977-obtiene-fiscalia-de-oaxaca-sentencia-de-120-anos-de-prision-contra-responsable-de-violacion-equiparada-contra-dos-menores-de-edad-cometido-en-la-sierra-de-flores-magon","title":{"rendered":"BOLET\u00cdN 977.- Obtiene Fiscal\u00eda de Oaxaca sentencia de 120 a\u00f1os de prisi\u00f3n contra responsable de violaci\u00f3n equiparada contra dos menores de edad, cometido en la Sierra de Flores Mag\u00f3n"},"content":{"rendered":"<p><strong>Oaxaca de Ju\u00e1rez, Oax. 24 de septiembre de 2024.-<\/strong> Como resultado de las investigaciones enfocadas en garantizar los derechos de ni\u00f1as, ni\u00f1os y adolescentes a una vida libre de violencia, la Fiscal\u00eda General del Estado de Oaxaca (FGEO) obtuvo una sentencia condenatoria de 120 a\u00f1os de prisi\u00f3n en contra de una persona del sexo masculino identificada como J.P.D., por su responsabilidad en la comisi\u00f3n del delito de Violaci\u00f3n Equiparada Agravada, cometido en contra de dos menores de edad, hechos ocurridos en la Sierra de Flores Mag\u00f3n.<\/p>\n<p>De acuerdo con el expediente penal, el primero de los casos ocurri\u00f3 en diferentes fechas de los meses de junio, julio y diciembre de 2016, cuando la v\u00edctima -una menor de edad, cuya identidad est\u00e1 reservada por ley- se encontraba en un domicilio ubicado en el centro del municipio de Huautla de Jim\u00e9nez, donde el imputado la agredi\u00f3 sexualmente.<\/p>\n<p>De igual manera, en los meses de febrero y marzo de 2017, el imputado agredi\u00f3 de manera sexual a otra menor de edad (cuya identidad est\u00e1 reservada por ley), los hechos ocurrieron en el mismo domicilio ubicado en c\u00e9ntricas calles de Huautla de Jim\u00e9nez.<\/p>\n<p>Tras estos hechos, la FGEO inici\u00f3 las investigaciones correspondientes a trav\u00e9s de la Vicefiscal\u00eda General de Control Regional y, derivado de ello, obtuvieron una orden de aprehensi\u00f3n contra el hoy sentenciado, para posteriormente presentarlo ante el Juez que lo requiri\u00f3 para el proceso legal correspondiente.<\/p>\n<p>Luego de evaluar los datos de prueba aportados por la Fiscal\u00eda de Oaxaca, el Juez que atiende la causa, dict\u00f3 sentencia condenatoria de 120 a\u00f1os de prisi\u00f3n en contra de J.P.D., por el delito de Violaci\u00f3n Equiparada Agravada, adem\u00e1s de imponer una multa econ\u00f3mica superior a los 779 mil pesos y ordenar el pago econ\u00f3mico por concepto de reparaci\u00f3n del da\u00f1o en abstracto.<\/p>\n<p>La Fiscal\u00eda de Oaxaca tiene como prioridad garantizar procesos de justicia eficientes en los casos de delitos cometidos en contra de ni\u00f1as, ni\u00f1os y adolescentes, a trav\u00e9s de investigaciones integrales y con perspectiva de infancia que logren garantizar el inter\u00e9s superior de la ni\u00f1ez.<\/p>\n<p><img fetchpriority=\"high\" decoding=\"async\" class=\"alignnone size-medium wp-image-7445\" src=\"https:\/\/portal.fgeo.gob.mx\/wp-content\/uploads\/2024\/09\/Dise%C3%B1o-sin-t%C3%ADtulo-9-223x300.jpg\" alt=\"\" width=\"223\" height=\"300\" \/><\/p>\n","protected":false},"author":2,"featured_media":7352,"comment_status":"closed","ping_status":"closed","template":"","tags":[],"categoria_noticias":[],"class_list":["post-16332","noticias","type-noticias","status-publish","has-post-thumbnail","hentry"],"acf":[],"mb":[],"mfb_rest_fields":["title","gutenberg_elementor_mode"],"_links":{"self":[{"href":"https:\/\/portal.fgeo.gob.mx\/index.php\/wp-json\/wp\/v2\/noticias\/16332","targetHints":{"allow":["GET"]}}],"collection":[{"href":"https:\/\/portal.fgeo.gob.mx\/index.php\/wp-json\/wp\/v2\/noticias"}],"about":[{"href":"https:\/\/portal.fgeo.gob.mx\/index.php\/wp-json\/wp\/v2\/types\/noticias"}],"author":[{"embeddable":true,"href":"https:\/\/portal.fgeo.gob.mx\/index.php\/wp-json\/wp\/v2\/users\/2"}],"replies":[{"embeddable":true,"href":"https:\/\/portal.fgeo.gob.mx\/index.php\/wp-json\/wp\/v2\/comments?post=16332"}],"wp:featuredmedia":[{"embeddable":true,"href":"https:\/\/portal.fgeo.gob.mx\/index.php\/wp-json\/"}],"wp:attachment":[{"href":"https:\/\/portal.fgeo.gob.mx\/index.php\/wp-json\/wp\/v2\/media?parent=16332"}],"wp:term":[{"taxonomy":"post_tag","embeddable":true,"href":"https:\/\/portal.fgeo.gob.mx\/index.php\/wp-json\/wp\/v2\/tags?post=16332"},{"taxonomy":"categoria_noticias","embeddable":true,"href":"https:\/\/portal.fgeo.gob.mx\/index.php\/wp-json\/wp\/v2\/categoria_noticias?post=16332"}],"curies":[{"name":"wp","href":"https:\/\/api.w.org\/{rel}","templated":true}]}}