{"id":16331,"date":"2024-09-24T09:35:10","date_gmt":"2024-09-24T15:35:10","guid":{"rendered":"https:\/\/fge.oaxaca.gob.mx\/?post_type=noticias&amp;p=7437"},"modified":"2024-09-24T09:35:10","modified_gmt":"2024-09-24T15:35:10","slug":"boletin-976-obtiene-fgeo-vinculacion-a-proceso-contra-imputado-por-el-delito-de-violacion-contra-una-nina-cometido-en-la-region-de-la-sierra-sur","status":"publish","type":"noticias","link":"https:\/\/portal.fgeo.gob.mx\/index.php\/archivos\/noticias\/boletin-976-obtiene-fgeo-vinculacion-a-proceso-contra-imputado-por-el-delito-de-violacion-contra-una-nina-cometido-en-la-region-de-la-sierra-sur","title":{"rendered":"BOLET\u00cdN 976.-Obtiene FGEO vinculaci\u00f3n a proceso contra imputado por el delito de Violaci\u00f3n contra una ni\u00f1a, cometido en la regi\u00f3n de la Sierra Sur"},"content":{"rendered":"<p><strong>Oaxaca de Ju\u00e1rez, Oax. 24 de septiembre de 2024.-<\/strong> Como parte de la estrategia de combate a los delitos cometidos en contra de ni\u00f1as, ni\u00f1os, adolescentes y mujeres, la Fiscal\u00eda General del Estado de Oaxaca (FGEO) obtuvo auto de vinculaci\u00f3n a proceso y prisi\u00f3n preventiva en contra de una persona del sexo masculino identificado como S.B.L., por el delito de Equiparado a la Violaci\u00f3n Agravada cometido en agravio de una ni\u00f1a, en la regi\u00f3n de la Sierra Sur.<\/p>\n<p>&nbsp;<\/p>\n<p>De acuerdo con el expediente penal, la agresi\u00f3n sexual ocurri\u00f3 en diferentes fechas del mes de octubre de 2020 en un domicilio conocido como el Rancho, Secci\u00f3n Cuarta perteneciente al municipio de Sola de Vega, cuando la v\u00edctima (cuya identidad est\u00e1 reservada por ley) ten\u00eda siete a\u00f1os de edad.<\/p>\n<p>&nbsp;<\/p>\n<p>Ante estos hechos, la Fiscal\u00eda de Oaxaca inici\u00f3 la investigaci\u00f3n a trav\u00e9s de la Vicefiscal\u00eda General de Control Regional, lo que permiti\u00f3 la detenci\u00f3n por orden aprehensi\u00f3n en contra de S.B.L., quien fue presentado ante la autoridad que lo requiri\u00f3.<\/p>\n<p>&nbsp;<\/p>\n<p>Una vez evaluados los datos de prueba aportados por el Ministerio P\u00fablico, el Juez de la causa determin\u00f3 vincular a proceso a S.B.L, por el delito de Equiparado a la Violaci\u00f3n Agravada, adem\u00e1s que dict\u00f3 la medida de prisi\u00f3n preventiva y otorg\u00f3 cuatro meses para el cierre de la investigaci\u00f3n complementaria.<\/p>\n<p>&nbsp;<\/p>\n<p>La Fiscal\u00eda de Oaxaca reitera en los hechos, su compromiso de llevar ante la Justicia a todo aquel que vulnere los derechos y la integridad de ni\u00f1as, ni\u00f1os, adolescentes y mujeres.<\/p>\n<figure id=\"attachment_7438\" aria-describedby=\"caption-attachment-7438\" style=\"width: 300px\" class=\"wp-caption alignnone\"><img fetchpriority=\"high\" decoding=\"async\" class=\"size-medium wp-image-7438\" src=\"https:\/\/portal.fgeo.gob.mx\/wp-content\/uploads\/2024\/09\/976-300x200.jpg\" alt=\"\" width=\"300\" height=\"200\" \/><figcaption id=\"caption-attachment-7438\" class=\"wp-caption-text\">Dise\u00f1o sin t\u00edtulo &#8211; 1<\/figcaption><\/figure>\n","protected":false},"author":2,"featured_media":7352,"comment_status":"closed","ping_status":"closed","template":"","tags":[],"categoria_noticias":[],"class_list":["post-16331","noticias","type-noticias","status-publish","has-post-thumbnail","hentry"],"acf":[],"mb":[],"mfb_rest_fields":["title","gutenberg_elementor_mode"],"_links":{"self":[{"href":"https:\/\/portal.fgeo.gob.mx\/index.php\/wp-json\/wp\/v2\/noticias\/16331","targetHints":{"allow":["GET"]}}],"collection":[{"href":"https:\/\/portal.fgeo.gob.mx\/index.php\/wp-json\/wp\/v2\/noticias"}],"about":[{"href":"https:\/\/portal.fgeo.gob.mx\/index.php\/wp-json\/wp\/v2\/types\/noticias"}],"author":[{"embeddable":true,"href":"https:\/\/portal.fgeo.gob.mx\/index.php\/wp-json\/wp\/v2\/users\/2"}],"replies":[{"embeddable":true,"href":"https:\/\/portal.fgeo.gob.mx\/index.php\/wp-json\/wp\/v2\/comments?post=16331"}],"wp:featuredmedia":[{"embeddable":true,"href":"https:\/\/portal.fgeo.gob.mx\/index.php\/wp-json\/"}],"wp:attachment":[{"href":"https:\/\/portal.fgeo.gob.mx\/index.php\/wp-json\/wp\/v2\/media?parent=16331"}],"wp:term":[{"taxonomy":"post_tag","embeddable":true,"href":"https:\/\/portal.fgeo.gob.mx\/index.php\/wp-json\/wp\/v2\/tags?post=16331"},{"taxonomy":"categoria_noticias","embeddable":true,"href":"https:\/\/portal.fgeo.gob.mx\/index.php\/wp-json\/wp\/v2\/categoria_noticias?post=16331"}],"curies":[{"name":"wp","href":"https:\/\/api.w.org\/{rel}","templated":true}]}}