{"id":16330,"date":"2024-09-23T14:01:44","date_gmt":"2024-09-23T20:01:44","guid":{"rendered":"https:\/\/fge.oaxaca.gob.mx\/?post_type=noticias&amp;p=7434"},"modified":"2024-09-23T14:01:44","modified_gmt":"2024-09-23T20:01:44","slug":"boletin-975-obtiene-fgeo-vinculacion-a-proceso-en-contra-de-una-persona-por-el-delito-de-violencia-familiar-en-la-costa","status":"publish","type":"noticias","link":"https:\/\/portal.fgeo.gob.mx\/index.php\/archivos\/noticias\/boletin-975-obtiene-fgeo-vinculacion-a-proceso-en-contra-de-una-persona-por-el-delito-de-violencia-familiar-en-la-costa","title":{"rendered":"BOLET\u00cdN 975.- Obtiene FGEO vinculaci\u00f3n a proceso en contra de una persona por el delito de violencia familiar en la Costa"},"content":{"rendered":"<p><strong>Oaxaca de Ju\u00e1rez, Oax. 23 de septiembre de 2024.-<\/strong> La Fiscal\u00eda General del Estado de Oaxaca obtuvo la vinculaci\u00f3n a proceso de una persona del sexo masculino identificada como J.E.J.M., por el delito de violencia familiar cometido en agravio de una mujer, hechos ocurridos en la regi\u00f3n de la Costa.<\/p>\n<p>De acuerdo con la carpeta de investigaci\u00f3n, el 13 de mayo de 2024 la v\u00edctima identificada como F.C.S., se encontraba en su domicilio ubicado en la localidad de San Marcos Zacatepec perteneciente a Santa Catarina Juquila, cuando fue agredida verbal y f\u00edsicamente por su pareja quien, adem\u00e1s, intent\u00f3 someterla cuando dorm\u00eda.<\/p>\n<p>Al tomar conocimiento de los hechos, la FGEO a trav\u00e9s del \u00e1rea de g\u00e9nero de la Vicefiscal\u00eda Regional de la Costa, inici\u00f3 las indagatorias correspondientes logrando obtener una orden de aprehensi\u00f3n contra el imputado, quien qued\u00f3 a disposici\u00f3n de la autoridad que lo requiri\u00f3.<\/p>\n<p>Una vez aportadas las pruebas ministeriales, el Juez que atiende la causa dict\u00f3 auto de vinculaci\u00f3n a proceso en contra de J.E.J.M., por el delito de violencia familiar, adem\u00e1s que impuso la medida cautelar de prisi\u00f3n preventiva justificada y concedi\u00f3 dos meses para el cierre de la investigaci\u00f3n.<\/p>\n<p>La Fiscal\u00eda de Oaxaca est\u00e1 comprometida con brindar investigaciones prontas, especialmente en materia del delito de violencia familiar, pues con esto busca garantizar a las v\u00edctimas procesos de procuraci\u00f3n de justicia eficientes.<\/p>\n<p>&nbsp;<\/p>\n<figure id=\"attachment_7435\" aria-describedby=\"caption-attachment-7435\" style=\"width: 300px\" class=\"wp-caption alignnone\"><img fetchpriority=\"high\" decoding=\"async\" class=\"size-medium wp-image-7435\" src=\"https:\/\/portal.fgeo.gob.mx\/wp-content\/uploads\/2024\/09\/Dise%C3%B1o-sin-t%C3%ADtulo-8-300x241.jpg\" alt=\"\" width=\"300\" height=\"241\" \/><figcaption id=\"caption-attachment-7435\" class=\"wp-caption-text\">Dise\u00f1o sin t\u00edtulo &#8211; 1<\/figcaption><\/figure>\n","protected":false},"author":2,"featured_media":7352,"comment_status":"closed","ping_status":"closed","template":"","tags":[],"categoria_noticias":[],"class_list":["post-16330","noticias","type-noticias","status-publish","has-post-thumbnail","hentry"],"acf":[],"mb":[],"mfb_rest_fields":["title","gutenberg_elementor_mode"],"_links":{"self":[{"href":"https:\/\/portal.fgeo.gob.mx\/index.php\/wp-json\/wp\/v2\/noticias\/16330","targetHints":{"allow":["GET"]}}],"collection":[{"href":"https:\/\/portal.fgeo.gob.mx\/index.php\/wp-json\/wp\/v2\/noticias"}],"about":[{"href":"https:\/\/portal.fgeo.gob.mx\/index.php\/wp-json\/wp\/v2\/types\/noticias"}],"author":[{"embeddable":true,"href":"https:\/\/portal.fgeo.gob.mx\/index.php\/wp-json\/wp\/v2\/users\/2"}],"replies":[{"embeddable":true,"href":"https:\/\/portal.fgeo.gob.mx\/index.php\/wp-json\/wp\/v2\/comments?post=16330"}],"wp:featuredmedia":[{"embeddable":true,"href":"https:\/\/portal.fgeo.gob.mx\/index.php\/wp-json\/"}],"wp:attachment":[{"href":"https:\/\/portal.fgeo.gob.mx\/index.php\/wp-json\/wp\/v2\/media?parent=16330"}],"wp:term":[{"taxonomy":"post_tag","embeddable":true,"href":"https:\/\/portal.fgeo.gob.mx\/index.php\/wp-json\/wp\/v2\/tags?post=16330"},{"taxonomy":"categoria_noticias","embeddable":true,"href":"https:\/\/portal.fgeo.gob.mx\/index.php\/wp-json\/wp\/v2\/categoria_noticias?post=16330"}],"curies":[{"name":"wp","href":"https:\/\/api.w.org\/{rel}","templated":true}]}}