{"id":16328,"date":"2024-09-19T13:30:52","date_gmt":"2024-09-19T19:30:52","guid":{"rendered":"https:\/\/fge.oaxaca.gob.mx\/?post_type=noticias&amp;p=7416"},"modified":"2024-09-19T13:30:52","modified_gmt":"2024-09-19T19:30:52","slug":"boletin-971-impulsar-crecimiento-de-la-region-del-istmo-de-tehuantepec-requiere-colaboracion-interinstitucional-rodriguez-alamilla","status":"publish","type":"noticias","link":"https:\/\/portal.fgeo.gob.mx\/index.php\/archivos\/noticias\/boletin-971-impulsar-crecimiento-de-la-region-del-istmo-de-tehuantepec-requiere-colaboracion-interinstitucional-rodriguez-alamilla","title":{"rendered":"BOLET\u00cdN 971.- Impulsar crecimiento de la regi\u00f3n del Istmo de Tehuantepec requiere colaboraci\u00f3n interinstitucional: Rodr\u00edguez Alamilla"},"content":{"rendered":"<p><strong>Oaxaca de Ju\u00e1rez, Oax. 19 de septiembre de 2024.-<\/strong> Al participar en el \u201cInforme de Avances del Polo de Desarrollo para el Bienestar de Salina Cruz\u201d, que es parte del Corredor Interoce\u00e1nico del Istmo, el Fiscal General del Estado de Oaxaca, Bernardo Rodr\u00edguez Alamilla reconoci\u00f3 la importancia de este proyecto que es una oportunidad para impulsar el crecimiento de la regi\u00f3n del Istmo, sin embargo, lograr que alcance su potencial requiere de un trabajo colaborativo entre los diferentes niveles e instituciones de gobierno, pues este mecanismo permitir\u00e1 generar las condiciones adecuadas para el adecuado desarrollo.<\/p>\n<p>Durante el acto protocolario encabezado por el Gobernador de Oaxaca, Salom\u00f3n Jara Cruz, estuvo tambi\u00e9n presente el secretario de Desarrollo Econ\u00f3mico, Ra\u00fal Ruiz Robles.<\/p>\n<p>Al intervenir el gobernador del Estado, Salom\u00f3n Jara dijo que el \u201cInforme de Avances del Polo de Desarrollo para el Bienestar de Salina Cruz\u201d, es una acci\u00f3n en la que se muestran los avances e impactos que ha tenido este proyecto estrat\u00e9gico que ha permitido el renacimiento de la regi\u00f3n del Istmo de Tehuantepec, pues est\u00e1 impulsando un desarrollo sin precedentes.<\/p>\n<p>A\u00f1adi\u00f3 que, este proyecto consolida a Oaxaca como un eje de desarrollo regional, nacional y global pues existe una inversi\u00f3n hist\u00f3rica, lo que se hizo evidente el a\u00f1o pasado cuando se alcanz\u00f3 un desarrollo por arriba del 13 % del PIB, lo que ha convertido a la entidad en uno de los estados m\u00e1s atractivos para la inversi\u00f3n, resalt\u00f3 que este proyecto es una gran plataforma de transformaci\u00f3n para el sureste del pa\u00eds.<\/p>\n<p>Asimismo, el gobernador Salom\u00f3n Jara explic\u00f3 que la entidad trabaja para que existan las condiciones adecuadas que permitan la planificaci\u00f3n industrial y empresarial que atraiga m\u00e1s inversi\u00f3n a los Polos de Desarrollo para el Bienestar, por ello, se busca trabajar \u00e1reas nodales como la seguridad y procuraci\u00f3n de justicia, pues se requiere de una intervenci\u00f3n integral.<\/p>\n<p>La Fiscal\u00eda General del Estado de Oaxaca trabaja en forma articulada con los tres niveles de gobierno para establecer estrategias articuladas que permitan dar mejores resultados en materia de procuraci\u00f3n de justicia y seguridad que permitan contribuir a dar certeza jur\u00eddica y social a quienes podr\u00edan invertir en estos proyectos.<\/p>\n<p><img fetchpriority=\"high\" decoding=\"async\" class=\"alignnone size-medium wp-image-7417\" src=\"https:\/\/portal.fgeo.gob.mx\/wp-content\/uploads\/2024\/09\/WhatsApp-Image-2024-09-19-at-13.03.16-2-300x200.jpeg\" alt=\"\" width=\"300\" height=\"200\" \/> <img decoding=\"async\" class=\"alignnone size-medium wp-image-7418\" src=\"https:\/\/portal.fgeo.gob.mx\/wp-content\/uploads\/2024\/09\/WhatsApp-Image-2024-09-19-at-13.03.16-1-300x200.jpeg\" alt=\"\" width=\"300\" height=\"200\" \/> <img decoding=\"async\" class=\"alignnone size-medium wp-image-7419\" src=\"https:\/\/portal.fgeo.gob.mx\/wp-content\/uploads\/2024\/09\/WhatsApp-Image-2024-09-19-at-13.03.16-300x200.jpeg\" alt=\"\" width=\"300\" height=\"200\" \/> <img loading=\"lazy\" decoding=\"async\" class=\"alignnone size-medium wp-image-7420\" src=\"https:\/\/portal.fgeo.gob.mx\/wp-content\/uploads\/2024\/09\/WhatsApp-Image-2024-09-19-at-13.03.15-2-300x200.jpeg\" alt=\"\" width=\"300\" height=\"200\" \/> <img loading=\"lazy\" decoding=\"async\" class=\"alignnone size-medium wp-image-7421\" src=\"https:\/\/portal.fgeo.gob.mx\/wp-content\/uploads\/2024\/09\/WhatsApp-Image-2024-09-19-at-13.03.15-1-300x217.jpeg\" alt=\"\" width=\"300\" height=\"217\" \/> <img loading=\"lazy\" decoding=\"async\" class=\"alignnone size-medium wp-image-7422\" src=\"https:\/\/portal.fgeo.gob.mx\/wp-content\/uploads\/2024\/09\/WhatsApp-Image-2024-09-19-at-13.03.15-300x200.jpeg\" alt=\"\" width=\"300\" height=\"200\" \/><\/p>\n","protected":false},"author":2,"featured_media":7352,"comment_status":"closed","ping_status":"closed","template":"","tags":[],"categoria_noticias":[],"class_list":["post-16328","noticias","type-noticias","status-publish","has-post-thumbnail","hentry"],"acf":[],"mb":[],"mfb_rest_fields":["title","gutenberg_elementor_mode"],"_links":{"self":[{"href":"https:\/\/portal.fgeo.gob.mx\/index.php\/wp-json\/wp\/v2\/noticias\/16328","targetHints":{"allow":["GET"]}}],"collection":[{"href":"https:\/\/portal.fgeo.gob.mx\/index.php\/wp-json\/wp\/v2\/noticias"}],"about":[{"href":"https:\/\/portal.fgeo.gob.mx\/index.php\/wp-json\/wp\/v2\/types\/noticias"}],"author":[{"embeddable":true,"href":"https:\/\/portal.fgeo.gob.mx\/index.php\/wp-json\/wp\/v2\/users\/2"}],"replies":[{"embeddable":true,"href":"https:\/\/portal.fgeo.gob.mx\/index.php\/wp-json\/wp\/v2\/comments?post=16328"}],"wp:featuredmedia":[{"embeddable":true,"href":"https:\/\/portal.fgeo.gob.mx\/index.php\/wp-json\/"}],"wp:attachment":[{"href":"https:\/\/portal.fgeo.gob.mx\/index.php\/wp-json\/wp\/v2\/media?parent=16328"}],"wp:term":[{"taxonomy":"post_tag","embeddable":true,"href":"https:\/\/portal.fgeo.gob.mx\/index.php\/wp-json\/wp\/v2\/tags?post=16328"},{"taxonomy":"categoria_noticias","embeddable":true,"href":"https:\/\/portal.fgeo.gob.mx\/index.php\/wp-json\/wp\/v2\/categoria_noticias?post=16328"}],"curies":[{"name":"wp","href":"https:\/\/api.w.org\/{rel}","templated":true}]}}