{"id":16327,"date":"2024-09-19T12:30:00","date_gmt":"2024-09-19T18:30:00","guid":{"rendered":"https:\/\/fge.oaxaca.gob.mx\/?post_type=noticias&amp;p=7415"},"modified":"2024-09-19T12:30:00","modified_gmt":"2024-09-19T18:30:00","slug":"boletin-970-obtiene-fgeo-auto-de-formal-prision-contra-imputado-por-abuso-sexual-de-menor-de-edad-cometido-en-el-valle-de-etla","status":"publish","type":"noticias","link":"https:\/\/portal.fgeo.gob.mx\/index.php\/archivos\/noticias\/boletin-970-obtiene-fgeo-auto-de-formal-prision-contra-imputado-por-abuso-sexual-de-menor-de-edad-cometido-en-el-valle-de-etla","title":{"rendered":"BOLET\u00cdN 970.-Obtiene FGEO auto de formal prisi\u00f3n contra imputado por abuso sexual de menor de edad, cometido en el valle de Etla"},"content":{"rendered":"<p><strong>Oaxaca de Ju\u00e1rez, Oax. 19 de septiembre de 2024.-<\/strong> La Fiscal\u00eda General del Estado de Oaxaca (FGEO) obtuvo auto de Formal Prisi\u00f3n contra una persona del sexo masculino identificada como F.L.M., por el delito de abuso sexual cometido en agravio de una menor de edad, en el Valle de Etla.<\/p>\n<p>De acuerdo con el expediente penal del caso, los hechos ocurrieron el 21 de diciembre de 2014, cuando la v\u00edctima -una menor de edad cuya identidad est\u00e1 reservada por ley- se encontraba en un domicilio ubicado en el Fraccionamiento Esmeralda, perteneciente al municipio de San Pablo Etla, en los Valles Centrales, lugar donde fue agredida de manera sexual.<\/p>\n<p>Ante este hecho, y tras la denuncia interpuesta, la FGEO atrajo el caso que qued\u00f3 bajo investigaci\u00f3n de la Fiscal\u00eda Especializada en Atenci\u00f3n a Delitos contra la Mujer por Raz\u00f3n de G\u00e9nero y derivado de las indagatorias, se logr\u00f3 aprehender al imputado y llevarlo ante el Juez que lo requiri\u00f3.<\/p>\n<p>Una vez valoradas los datos de prueba, el Juez en audiencia dict\u00f3 auto de formal prisi\u00f3n contra F.L.M., al encontrarlo responsable por el delito de abuso sexual en agravio de la menor.<\/p>\n<p>La Fiscal\u00eda del Estado de Oaxaca refrenda su compromiso de aplicar todo el rigor de la Ley a quien o quienes cometan este tipo de delitos y sobre todo brindar una atenci\u00f3n integral y efectiva a las v\u00edctimas, especialmente cuando se trata de delitos cometidos en contra de ni\u00f1as, ni\u00f1os y adolescentes a efecto de garantizar el derecho a tener una vida libre de violencia.<\/p>\n","protected":false},"author":2,"featured_media":7352,"comment_status":"closed","ping_status":"closed","template":"","tags":[],"categoria_noticias":[],"class_list":["post-16327","noticias","type-noticias","status-publish","has-post-thumbnail","hentry"],"acf":[],"mb":[],"mfb_rest_fields":["title","gutenberg_elementor_mode"],"_links":{"self":[{"href":"https:\/\/portal.fgeo.gob.mx\/index.php\/wp-json\/wp\/v2\/noticias\/16327","targetHints":{"allow":["GET"]}}],"collection":[{"href":"https:\/\/portal.fgeo.gob.mx\/index.php\/wp-json\/wp\/v2\/noticias"}],"about":[{"href":"https:\/\/portal.fgeo.gob.mx\/index.php\/wp-json\/wp\/v2\/types\/noticias"}],"author":[{"embeddable":true,"href":"https:\/\/portal.fgeo.gob.mx\/index.php\/wp-json\/wp\/v2\/users\/2"}],"replies":[{"embeddable":true,"href":"https:\/\/portal.fgeo.gob.mx\/index.php\/wp-json\/wp\/v2\/comments?post=16327"}],"wp:featuredmedia":[{"embeddable":true,"href":"https:\/\/portal.fgeo.gob.mx\/index.php\/wp-json\/"}],"wp:attachment":[{"href":"https:\/\/portal.fgeo.gob.mx\/index.php\/wp-json\/wp\/v2\/media?parent=16327"}],"wp:term":[{"taxonomy":"post_tag","embeddable":true,"href":"https:\/\/portal.fgeo.gob.mx\/index.php\/wp-json\/wp\/v2\/tags?post=16327"},{"taxonomy":"categoria_noticias","embeddable":true,"href":"https:\/\/portal.fgeo.gob.mx\/index.php\/wp-json\/wp\/v2\/categoria_noticias?post=16327"}],"curies":[{"name":"wp","href":"https:\/\/api.w.org\/{rel}","templated":true}]}}