{"id":16324,"date":"2024-09-18T11:44:34","date_gmt":"2024-09-18T17:44:34","guid":{"rendered":"https:\/\/fge.oaxaca.gob.mx\/?post_type=noticias&amp;p=7409"},"modified":"2024-09-18T11:44:34","modified_gmt":"2024-09-18T17:44:34","slug":"boletin-867-obtiene-fgeo-vinculacion-a-proceso-contra-dos-imputados-detenidos-en-cateo-por-el-delito-de-narcomenudeo-ocurrido-en-la-costa","status":"publish","type":"noticias","link":"https:\/\/portal.fgeo.gob.mx\/index.php\/archivos\/noticias\/boletin-867-obtiene-fgeo-vinculacion-a-proceso-contra-dos-imputados-detenidos-en-cateo-por-el-delito-de-narcomenudeo-ocurrido-en-la-costa","title":{"rendered":"BOLET\u00cdN 967.- Obtiene FGEO vinculaci\u00f3n a proceso contra dos imputados detenidos en cateo por el delito de Narcomenudeo, ocurrido en la Costa"},"content":{"rendered":"<p><strong>Oaxaca de Ju\u00e1rez, Oax. 18 de septiembre de 2024.-<\/strong> Como parte de las acciones de combate a delitos de alto impacto, la Fiscal\u00eda General del Estado de Oaxaca (FGEO) obtuvo auto de vinculaci\u00f3n a proceso en contra de dos personas del sexo masculino identificadas como F.M.C., y J.M.G., por el delito Contra la Salud en su modalidad de Narcomenudeo en su hip\u00f3tesis con fines de comercio, cometido en la regi\u00f3n de la Costa.<\/p>\n<p>De acuerdo con la investigaci\u00f3n penal, los imputados fueron detenidos el 23 de agosto de 2024 derivado de la ejecuci\u00f3n de una orden de cateo efectuada por elementos de la Agencia Estatal de Investigaciones (AEI) en un domicilio ubicado en la localidad de Tierra Blanca perteneciente a Santa Mar\u00eda Huatulco.<\/p>\n<p>Durante el operativo, los agentes de la AEI dependientes de la Vicefiscal\u00eda Regional de la Costa, decomisaron diversas bolsas de coca\u00edna y un arma de fuego, las cuales quedaron a disposici\u00f3n de la autoridad competente.<\/p>\n<p>Una vez aportadas las pruebas ministeriales, el Juez que atiende la causa dict\u00f3 vinculaci\u00f3n a proceso contra F.M.C. y J.M.G., por el delito Contra la Salud en su modalidad de Narcomenudeo en su hip\u00f3tesis con fines de comercio, imponiendo la medida cautelar de prisi\u00f3n preventiva justificada, adem\u00e1s de otorgar dos meses para el cierre de la investigaci\u00f3n complementaria.<\/p>\n<p>La Fiscal\u00eda de Oaxaca refrenda su compromiso de seguir trabajando para combatir este tipo de delitos que atentan contra el bienestar de la sociedad oaxaque\u00f1a.<\/p>\n<p>&nbsp;<\/p>\n<p><img fetchpriority=\"high\" decoding=\"async\" class=\"size-medium wp-image-7410\" src=\"https:\/\/portal.fgeo.gob.mx\/wp-content\/uploads\/2024\/09\/Dise%C3%B1o-sin-t%C3%ADtulo-1-2-300x267.jpg\" alt=\"\" width=\"300\" height=\"267\" \/><\/p>\n<p><img decoding=\"async\" class=\"alignnone size-medium wp-image-7411\" src=\"https:\/\/portal.fgeo.gob.mx\/wp-content\/uploads\/2024\/09\/Dise%C3%B1o-sin-t%C3%ADtulo-5-225x300.jpg\" alt=\"\" width=\"225\" height=\"300\" \/><\/p>\n","protected":false},"author":2,"featured_media":7352,"comment_status":"closed","ping_status":"closed","template":"","tags":[],"categoria_noticias":[],"class_list":["post-16324","noticias","type-noticias","status-publish","has-post-thumbnail","hentry"],"acf":[],"mb":[],"mfb_rest_fields":["title","gutenberg_elementor_mode"],"_links":{"self":[{"href":"https:\/\/portal.fgeo.gob.mx\/index.php\/wp-json\/wp\/v2\/noticias\/16324","targetHints":{"allow":["GET"]}}],"collection":[{"href":"https:\/\/portal.fgeo.gob.mx\/index.php\/wp-json\/wp\/v2\/noticias"}],"about":[{"href":"https:\/\/portal.fgeo.gob.mx\/index.php\/wp-json\/wp\/v2\/types\/noticias"}],"author":[{"embeddable":true,"href":"https:\/\/portal.fgeo.gob.mx\/index.php\/wp-json\/wp\/v2\/users\/2"}],"replies":[{"embeddable":true,"href":"https:\/\/portal.fgeo.gob.mx\/index.php\/wp-json\/wp\/v2\/comments?post=16324"}],"wp:featuredmedia":[{"embeddable":true,"href":"https:\/\/portal.fgeo.gob.mx\/index.php\/wp-json\/"}],"wp:attachment":[{"href":"https:\/\/portal.fgeo.gob.mx\/index.php\/wp-json\/wp\/v2\/media?parent=16324"}],"wp:term":[{"taxonomy":"post_tag","embeddable":true,"href":"https:\/\/portal.fgeo.gob.mx\/index.php\/wp-json\/wp\/v2\/tags?post=16324"},{"taxonomy":"categoria_noticias","embeddable":true,"href":"https:\/\/portal.fgeo.gob.mx\/index.php\/wp-json\/wp\/v2\/categoria_noticias?post=16324"}],"curies":[{"name":"wp","href":"https:\/\/api.w.org\/{rel}","templated":true}]}}