{"id":16323,"date":"2024-09-17T14:03:59","date_gmt":"2024-09-17T20:03:59","guid":{"rendered":"https:\/\/fge.oaxaca.gob.mx\/?post_type=noticias&amp;p=7406"},"modified":"2024-09-17T14:03:59","modified_gmt":"2024-09-17T20:03:59","slug":"boletin-966-ejecuta-fiscalia-de-oaxaca-orden-de-aprehension-en-contra-de-dos-personas-por-homicidio-y-lesiones-calificadas-cometidos-en-la-region-mixteca","status":"publish","type":"noticias","link":"https:\/\/portal.fgeo.gob.mx\/index.php\/archivos\/noticias\/boletin-966-ejecuta-fiscalia-de-oaxaca-orden-de-aprehension-en-contra-de-dos-personas-por-homicidio-y-lesiones-calificadas-cometidos-en-la-region-mixteca","title":{"rendered":"BOLET\u00cdN 966.-Ejecuta Fiscal\u00eda de Oaxaca orden de aprehensi\u00f3n en contra de dos personas por homicidio y lesiones calificadas cometidos en la regi\u00f3n Mixteca"},"content":{"rendered":"<p><strong>Oaxaca de Ju\u00e1rez, Oax. 17 de septiembre de 2024.-<\/strong> La investigaci\u00f3n ministerial especializada que realizada la Fiscal\u00eda General del Estado de Oaxaca (FGEO) permiti\u00f3 ejecutar una orden de aprehensi\u00f3n en contra de dos personas del sexo masculino identificadas como R.C.B., y C.V.J., imputados por los delitos de Homicidio y Lesiones Calificadas cometido en agravio de cinco personas, entre ellas tres mujeres que en vida respondieron a los nombres de A.J.F.P., D.I.F.P. y S.G.L.P., as\u00ed como un hombre identificado como R.R.R., adem\u00e1s de un menor de edad; y de lesiones calificadas en contra de C.P.F.P., hechos cometidos en la regi\u00f3n de la Mixteca.<\/p>\n<p>De acuerdo con el expediente penal del caso, el 03 de julio de 2022, las v\u00edctimas viajaban a bordo de un veh\u00edculo sobre la carretera Huajuapan-Tamazola, a la altura de Guadalupe de Ram\u00edrez, cuando fueron atacadas con disparos de armas de fuego, infligiendo lesiones que le provocaron la muerte a A.J.F.P., D.I.F.P., S.G.L.P., R.R.R. y J.A.F.P, mientras que C.P.F.P. result\u00f3 con lesiones.<\/p>\n<p>Derivado de las investigaciones en torno al caso, la FGEO obtuvo una orden de aprehensi\u00f3n por lo que elementos de la Agencia Estatal de Investigaciones (AEI) dieron cumplimiento al mandato judicial y detuvieron a R.C.B., y C.V.J., quienes fueron puestos a disposici\u00f3n de la autoridad correspondiente para determinar su situaci\u00f3n jur\u00eddica.<\/p>\n<p>En audiencia, el Juez que atiende la causa decret\u00f3 como legal la detenci\u00f3n y comunic\u00f3 la imputaci\u00f3n en contra de R.C.B., y C.V.J., por los delitos de Homicidio y Lesiones Calificadas, quedando pendiente la fecha audiencia de vinculaci\u00f3n a proceso.<\/p>\n<p>La Fiscal\u00eda de Oaxaca tiene el compromiso de realizar trabajos ministeriales minuciosos y con estricto apego a la ley para que las v\u00edctimas directas e indirectas tengan pleno acceso a la justicia.<\/p>\n<p><img fetchpriority=\"high\" decoding=\"async\" class=\"size-medium wp-image-7407\" src=\"https:\/\/portal.fgeo.gob.mx\/wp-content\/uploads\/2024\/09\/Dise%C3%B1o-sin-t%C3%ADtulo-1-1-266x300.jpg\" alt=\"\" width=\"266\" height=\"300\" \/><\/p>\n<p><img decoding=\"async\" class=\"size-medium wp-image-7408\" src=\"https:\/\/portal.fgeo.gob.mx\/wp-content\/uploads\/2024\/09\/Dise%C3%B1o-sin-t%C3%ADtulo-4-214x300.jpg\" alt=\"\" width=\"214\" height=\"300\" \/><\/p>\n","protected":false},"author":2,"featured_media":7352,"comment_status":"closed","ping_status":"closed","template":"","tags":[],"categoria_noticias":[],"class_list":["post-16323","noticias","type-noticias","status-publish","has-post-thumbnail","hentry"],"acf":[],"mb":[],"mfb_rest_fields":["title","gutenberg_elementor_mode"],"_links":{"self":[{"href":"https:\/\/portal.fgeo.gob.mx\/index.php\/wp-json\/wp\/v2\/noticias\/16323","targetHints":{"allow":["GET"]}}],"collection":[{"href":"https:\/\/portal.fgeo.gob.mx\/index.php\/wp-json\/wp\/v2\/noticias"}],"about":[{"href":"https:\/\/portal.fgeo.gob.mx\/index.php\/wp-json\/wp\/v2\/types\/noticias"}],"author":[{"embeddable":true,"href":"https:\/\/portal.fgeo.gob.mx\/index.php\/wp-json\/wp\/v2\/users\/2"}],"replies":[{"embeddable":true,"href":"https:\/\/portal.fgeo.gob.mx\/index.php\/wp-json\/wp\/v2\/comments?post=16323"}],"wp:featuredmedia":[{"embeddable":true,"href":"https:\/\/portal.fgeo.gob.mx\/index.php\/wp-json\/"}],"wp:attachment":[{"href":"https:\/\/portal.fgeo.gob.mx\/index.php\/wp-json\/wp\/v2\/media?parent=16323"}],"wp:term":[{"taxonomy":"post_tag","embeddable":true,"href":"https:\/\/portal.fgeo.gob.mx\/index.php\/wp-json\/wp\/v2\/tags?post=16323"},{"taxonomy":"categoria_noticias","embeddable":true,"href":"https:\/\/portal.fgeo.gob.mx\/index.php\/wp-json\/wp\/v2\/categoria_noticias?post=16323"}],"curies":[{"name":"wp","href":"https:\/\/api.w.org\/{rel}","templated":true}]}}