{"id":16321,"date":"2024-09-15T15:23:01","date_gmt":"2024-09-15T21:23:01","guid":{"rendered":"https:\/\/fge.oaxaca.gob.mx\/?post_type=noticias&amp;p=7394"},"modified":"2024-09-15T15:23:01","modified_gmt":"2024-09-15T21:23:01","slug":"boletin-964-coordina-fiscalia-de-oaxaca-operativos-junto-a-la-secretaria-de-marina-sedena-guardia-nacional-y-sspc-que-se-llevan-a-cabo-de-forma-simultanea-en-la-costa-e-istmo","status":"publish","type":"noticias","link":"https:\/\/portal.fgeo.gob.mx\/index.php\/archivos\/noticias\/boletin-964-coordina-fiscalia-de-oaxaca-operativos-junto-a-la-secretaria-de-marina-sedena-guardia-nacional-y-sspc-que-se-llevan-a-cabo-de-forma-simultanea-en-la-costa-e-istmo","title":{"rendered":"BOLET\u00cdN 964 &#8211; Coordina Fiscal\u00eda de Oaxaca operativos junto a la Secretar\u00eda de Marina, SEDENA, Guardia Nacional y SSPC, que se llevan a cabo de forma simult\u00e1nea en la Costa e Istmo"},"content":{"rendered":"<p><strong>Oaxaca de Ju\u00e1rez, Oax. 15 septiembre de 2024.-<\/strong> La Fiscal\u00eda General del Estado de Oaxaca toma parte y coordina una serie de operativos que se realizan de manera simult\u00e1nea en la regi\u00f3n de la Costa e Istmo de Tehuantepec, actividades implementadas para mantener la paz social en el interior de la entidad, por ello, se llevan a cabo filtros de seguridad y patrullajes en estas zonas consideradas de alta prioridad dentro de la estrategia de seguridad estatal.<\/p>\n<p><img fetchpriority=\"high\" decoding=\"async\" class=\"alignnone size-medium wp-image-7395\" src=\"https:\/\/portal.fgeo.gob.mx\/wp-content\/uploads\/2024\/09\/BOLET%C3%8DN-964-Coordina-Fiscal%C3%ADa-de-Oaxaca-operativos-junto-a-la-Secretar%C3%ADa-de-Marina-SEDENA-Guardia-Nacional-y-SSPC-que-se-llevan-a-cabo-de-forma-simult%C3%A1nea-en-la-Costa-e-Istmo-1-300x225.jpeg\" alt=\"\" width=\"300\" height=\"225\" \/> <img decoding=\"async\" class=\"alignnone size-medium wp-image-7396\" src=\"https:\/\/portal.fgeo.gob.mx\/wp-content\/uploads\/2024\/09\/BOLET%C3%8DN-964-Coordina-Fiscal%C3%ADa-de-Oaxaca-operativos-junto-a-la-Secretar%C3%ADa-de-Marina-SEDENA-Guardia-Nacional-y-SSPC-que-se-llevan-a-cabo-de-forma-simult%C3%A1nea-en-la-Costa-e-Istmo-2-300x135.jpeg\" alt=\"\" width=\"300\" height=\"135\" \/><\/p>\n<p>El organismo procurador de justicia detall\u00f3 que, el operativo es una acci\u00f3n conjunta en la que participan elementos de la Agencia Estatal de Investigaciones (AEI), as\u00ed como de la Polic\u00eda Estatal de la Secretar\u00eda de Seguridad P\u00fablica y Protecci\u00f3n Ciudadana, adem\u00e1s de la Guardia Nacional, la Secretar\u00eda de la Defensa Nacional (SEDENA)\u00a0 y la Secretar\u00eda de la Marina (SEMAR).<\/p>\n<p>Adem\u00e1s, el operativo se realiza de forma simult\u00e1nea en la Costa e Istmo, esto con la finalidad de inhibir, combatir y minimizar la comisi\u00f3n de delitos en estas regiones del estado, por lo que se recorren diversos municipios.<\/p>\n<p>Respecto a la regi\u00f3n de la Costa, los municipios en los que se implementa este operativo son: Santiago Pinotepa Nacional, San Jos\u00e9 del Progreso, Santa Rosa de Lima, R\u00edo Grande, Bajos de Chila, Santa Mar\u00eda Colotepec, Santa Mar\u00eda Tonameca, Santo Domingo de Morelos y San Pedro Pochutla.<\/p>\n<p><img decoding=\"async\" class=\"alignnone size-medium wp-image-7397\" src=\"https:\/\/portal.fgeo.gob.mx\/wp-content\/uploads\/2024\/09\/BOLET%C3%8DN-964-Coordina-Fiscal%C3%ADa-de-Oaxaca-operativos-junto-a-la-Secretar%C3%ADa-de-Marina-SEDENA-Guardia-Nacional-y-SSPC-que-se-llevan-a-cabo-de-forma-simult%C3%A1nea-en-la-Costa-e-Istmo-3-300x225.jpeg\" alt=\"\" width=\"300\" height=\"225\" \/> <img loading=\"lazy\" decoding=\"async\" class=\"alignnone size-medium wp-image-7398\" src=\"https:\/\/portal.fgeo.gob.mx\/wp-content\/uploads\/2024\/09\/BOLET%C3%8DN-964-Coordina-Fiscal%C3%ADa-de-Oaxaca-operativos-junto-a-la-Secretar%C3%ADa-de-Marina-SEDENA-Guardia-Nacional-y-SSPC-que-se-llevan-a-cabo-de-forma-simult%C3%A1nea-en-la-Costa-e-Istmo-4-300x225.jpeg\" alt=\"\" width=\"300\" height=\"225\" \/><\/p>\n<p>Mientras que, en la regi\u00f3n del Istmo de Tehuantepec, las acciones se implementan en los municipios de Juchit\u00e1n de Zaragoza, adem\u00e1s de la zona que abarca el crucero Estaci\u00f3n Mogo\u00f1\u00e9 a San Juan Guichicovi, tambi\u00e9n se recorrieron barrios y colonias de Mat\u00edas Romero, entre ellos el barrio de Santo Domingo Petapa y Lagunas.<\/p>\n<p>La Fiscal\u00eda General del Estado de Oaxaca resalt\u00f3 que durante este operativo conjunto y simult\u00e1neo se realizan cateos en \u00e1reas prioritarias, como parte de los resultados obtenidos gracias a los trabajos de inteligencia criminal que se han realizado en la zona.<\/p>\n<p><img loading=\"lazy\" decoding=\"async\" class=\"alignnone size-medium wp-image-7399\" src=\"https:\/\/portal.fgeo.gob.mx\/wp-content\/uploads\/2024\/09\/BOLET%C3%8DN-964-Coordina-Fiscal%C3%ADa-de-Oaxaca-operativos-junto-a-la-Secretar%C3%ADa-de-Marina-SEDENA-Guardia-Nacional-y-SSPC-que-se-llevan-a-cabo-de-forma-simult%C3%A1nea-en-la-Costa-e-Istmo-5-300x225.jpeg\" alt=\"\" width=\"300\" height=\"225\" \/> <img loading=\"lazy\" decoding=\"async\" class=\"alignnone size-medium wp-image-7400\" src=\"https:\/\/portal.fgeo.gob.mx\/wp-content\/uploads\/2024\/09\/BOLET%C3%8DN-964-Coordina-Fiscal%C3%ADa-de-Oaxaca-operativos-junto-a-la-Secretar%C3%ADa-de-Marina-SEDENA-Guardia-Nacional-y-SSPC-que-se-llevan-a-cabo-de-forma-simult%C3%A1nea-en-la-Costa-e-Istmo-6-300x225.jpeg\" alt=\"\" width=\"300\" height=\"225\" \/><\/p>\n<p>Las acciones implementadas permitir\u00e1n ampliar la colaboraci\u00f3n interinstitucional con el objetivo de fortalecer la seguridad p\u00fablica y garantizar la paz social a trav\u00e9s del despliegue operativo en la zona, el cual est\u00e1 activo entre el 13 y el 16 de septiembre, tiempo en el que estos equipos multidisciplinarios estar\u00e1n laborando de manera coordinada.<\/p>\n<p>La Fiscal\u00eda de Oaxaca explic\u00f3 que, realizar operaciones conjuntas con otras instituciones de seguridad p\u00fablica de diferentes niveles de gobierno permite brindar a la poblaci\u00f3n certeza respecto a las condiciones de seguridad y procuraci\u00f3n de justicia, especialmente durante la celebraci\u00f3n de la Independencia de M\u00e9xico.<\/p>\n<p>Finalmente, la Fiscal\u00eda de Oaxaca refrend\u00f3 su compromiso con procurar procesos de justicia diligentes y adecuados que permita brindar resultados a la ciudadan\u00eda a trav\u00e9s de acercar servicios integrales que den certeza de los procesos de investigaci\u00f3n, adem\u00e1s mantiene su compromiso con coadyuvar en la construcci\u00f3n de una entidad m\u00e1s segura por medio de acciones preventivas y disuasivas de las conductas delictivas.<\/p>\n<p><img loading=\"lazy\" decoding=\"async\" class=\"alignnone size-medium wp-image-7401\" src=\"https:\/\/portal.fgeo.gob.mx\/wp-content\/uploads\/2024\/09\/BOLET%C3%8DN-964-Coordina-Fiscal%C3%ADa-de-Oaxaca-operativos-junto-a-la-Secretar%C3%ADa-de-Marina-SEDENA-Guardia-Nacional-y-SSPC-que-se-llevan-a-cabo-de-forma-simult%C3%A1nea-en-la-Costa-e-Istmo-7-300x225.jpeg\" alt=\"\" width=\"300\" height=\"225\" \/> <img loading=\"lazy\" decoding=\"async\" class=\"alignnone size-medium wp-image-7402\" src=\"https:\/\/portal.fgeo.gob.mx\/wp-content\/uploads\/2024\/09\/BOLET%C3%8DN-964-Coordina-Fiscal%C3%ADa-de-Oaxaca-operativos-junto-a-la-Secretar%C3%ADa-de-Marina-SEDENA-Guardia-Nacional-y-SSPC-que-se-llevan-a-cabo-de-forma-simult%C3%A1nea-en-la-Costa-e-Istmo-8-300x169.jpeg\" alt=\"\" width=\"300\" height=\"169\" \/> <img loading=\"lazy\" decoding=\"async\" class=\"alignnone size-medium wp-image-7403\" src=\"https:\/\/portal.fgeo.gob.mx\/wp-content\/uploads\/2024\/09\/BOLET%C3%8DN-964-Coordina-Fiscal%C3%ADa-de-Oaxaca-operativos-junto-a-la-Secretar%C3%ADa-de-Marina-SEDENA-Guardia-Nacional-y-SSPC-que-se-llevan-a-cabo-de-forma-simult%C3%A1nea-en-la-Costa-e-Istmo-9-300x225.jpeg\" alt=\"\" width=\"300\" height=\"225\" \/><\/p>\n","protected":false},"author":2,"featured_media":7352,"comment_status":"closed","ping_status":"closed","template":"","tags":[],"categoria_noticias":[],"class_list":["post-16321","noticias","type-noticias","status-publish","has-post-thumbnail","hentry"],"acf":[],"mb":[],"mfb_rest_fields":["title","gutenberg_elementor_mode"],"_links":{"self":[{"href":"https:\/\/portal.fgeo.gob.mx\/index.php\/wp-json\/wp\/v2\/noticias\/16321","targetHints":{"allow":["GET"]}}],"collection":[{"href":"https:\/\/portal.fgeo.gob.mx\/index.php\/wp-json\/wp\/v2\/noticias"}],"about":[{"href":"https:\/\/portal.fgeo.gob.mx\/index.php\/wp-json\/wp\/v2\/types\/noticias"}],"author":[{"embeddable":true,"href":"https:\/\/portal.fgeo.gob.mx\/index.php\/wp-json\/wp\/v2\/users\/2"}],"replies":[{"embeddable":true,"href":"https:\/\/portal.fgeo.gob.mx\/index.php\/wp-json\/wp\/v2\/comments?post=16321"}],"wp:featuredmedia":[{"embeddable":true,"href":"https:\/\/portal.fgeo.gob.mx\/index.php\/wp-json\/"}],"wp:attachment":[{"href":"https:\/\/portal.fgeo.gob.mx\/index.php\/wp-json\/wp\/v2\/media?parent=16321"}],"wp:term":[{"taxonomy":"post_tag","embeddable":true,"href":"https:\/\/portal.fgeo.gob.mx\/index.php\/wp-json\/wp\/v2\/tags?post=16321"},{"taxonomy":"categoria_noticias","embeddable":true,"href":"https:\/\/portal.fgeo.gob.mx\/index.php\/wp-json\/wp\/v2\/categoria_noticias?post=16321"}],"curies":[{"name":"wp","href":"https:\/\/api.w.org\/{rel}","templated":true}]}}