{"id":16319,"date":"2024-09-13T15:54:40","date_gmt":"2024-09-13T21:54:40","guid":{"rendered":"https:\/\/fge.oaxaca.gob.mx\/?post_type=noticias&amp;p=7388"},"modified":"2024-09-13T15:54:40","modified_gmt":"2024-09-13T21:54:40","slug":"boletin-962-establece-fiscalia-de-oaxaca-solidas-lineas-de-investigacion-tras-agresion-con-arma-de-fuego-en-la-que-perdieron-la-vida-dos-policias-municipales-de-tututepec-en-la-region-de-la-costa","status":"publish","type":"noticias","link":"https:\/\/portal.fgeo.gob.mx\/index.php\/archivos\/noticias\/boletin-962-establece-fiscalia-de-oaxaca-solidas-lineas-de-investigacion-tras-agresion-con-arma-de-fuego-en-la-que-perdieron-la-vida-dos-policias-municipales-de-tututepec-en-la-region-de-la-costa","title":{"rendered":"BOLET\u00cdN 962.- Establece Fiscal\u00eda de Oaxaca s\u00f3lidas l\u00edneas de investigaci\u00f3n tras agresi\u00f3n con arma de fuego en la que perdieron la vida dos polic\u00edas municipales de Tututepec, en la regi\u00f3n de la Costa"},"content":{"rendered":"<p><strong>Oaxaca de Ju\u00e1rez, Oax. 13 de septiembre de 2024.-<\/strong> La Fiscal\u00eda General del Estado de Oaxaca deline\u00f3 s\u00f3lidas l\u00edneas de investigaci\u00f3n en los trabajos ministeriales iniciados por la agresi\u00f3n con disparo de arma de fuego que sufrieron tres elementos de la polic\u00eda municipal de la Villa de Tututepec, hechos en los que dos de ellos perdieron la vida a consecuencia de las heridas, se trata de H.S.G., y D.S.G., mientras que una mujer -tambi\u00e9n polic\u00eda- result\u00f3 con lesiones, por lo que fue trasladada para recibir atenci\u00f3n m\u00e9dica.<\/p>\n<p>Los hechos sucedieron a un costado de la Carretera Federal 200, tramo Pinotepa Nacional-Puerto Escondido, en jurisdicci\u00f3n de Santa Rosa de Lima, donde estaba estacionada una patrulla de la Polic\u00eda Municipal de la Villa de Tututepec, y en la batea fueron hallados los dos cuerpos sin vida de H.S.G., y D.S.G. (polic\u00edas municipales), mientras que, la tercera polic\u00eda -del sexo femenino- result\u00f3 con lesiones por lo que fue trasladada a un hospital de esa comunidad.<\/p>\n<p>Tras recibir el reporte la ma\u00f1ana de este viernes 13 de septiembre, la Fiscal\u00eda de Oaxaca, a trav\u00e9s de la Vicefiscal\u00eda Regional de la Costa despleg\u00f3 un equipo multidisciplinario para realizar las primeras indagatorias y trabajos ministeriales que permitan establecer el caso.<\/p>\n<p>La Fiscal\u00eda General garantiza investigaciones exhaustivas para esclarecer delitos, aplicando las herramientas legales para castigar a quien o quienes resulten responsables.<\/p>\n<p>&nbsp;<\/p>\n","protected":false},"author":2,"featured_media":7352,"comment_status":"closed","ping_status":"closed","template":"","tags":[],"categoria_noticias":[],"class_list":["post-16319","noticias","type-noticias","status-publish","has-post-thumbnail","hentry"],"acf":[],"mb":[],"mfb_rest_fields":["title","gutenberg_elementor_mode"],"_links":{"self":[{"href":"https:\/\/portal.fgeo.gob.mx\/index.php\/wp-json\/wp\/v2\/noticias\/16319","targetHints":{"allow":["GET"]}}],"collection":[{"href":"https:\/\/portal.fgeo.gob.mx\/index.php\/wp-json\/wp\/v2\/noticias"}],"about":[{"href":"https:\/\/portal.fgeo.gob.mx\/index.php\/wp-json\/wp\/v2\/types\/noticias"}],"author":[{"embeddable":true,"href":"https:\/\/portal.fgeo.gob.mx\/index.php\/wp-json\/wp\/v2\/users\/2"}],"replies":[{"embeddable":true,"href":"https:\/\/portal.fgeo.gob.mx\/index.php\/wp-json\/wp\/v2\/comments?post=16319"}],"wp:featuredmedia":[{"embeddable":true,"href":"https:\/\/portal.fgeo.gob.mx\/index.php\/wp-json\/"}],"wp:attachment":[{"href":"https:\/\/portal.fgeo.gob.mx\/index.php\/wp-json\/wp\/v2\/media?parent=16319"}],"wp:term":[{"taxonomy":"post_tag","embeddable":true,"href":"https:\/\/portal.fgeo.gob.mx\/index.php\/wp-json\/wp\/v2\/tags?post=16319"},{"taxonomy":"categoria_noticias","embeddable":true,"href":"https:\/\/portal.fgeo.gob.mx\/index.php\/wp-json\/wp\/v2\/categoria_noticias?post=16319"}],"curies":[{"name":"wp","href":"https:\/\/api.w.org\/{rel}","templated":true}]}}