{"id":16318,"date":"2024-09-13T14:27:45","date_gmt":"2024-09-13T20:27:45","guid":{"rendered":"https:\/\/fge.oaxaca.gob.mx\/?post_type=noticias&amp;p=7387"},"modified":"2024-09-13T14:27:45","modified_gmt":"2024-09-13T20:27:45","slug":"boletin-961-obtiene-fgeo-vinculacion-a-proceso-contra-una-persona-por-el-delito-de-abigeato-agravado-cometido-en-la-region-de-la-mixteca","status":"publish","type":"noticias","link":"https:\/\/portal.fgeo.gob.mx\/index.php\/archivos\/noticias\/boletin-961-obtiene-fgeo-vinculacion-a-proceso-contra-una-persona-por-el-delito-de-abigeato-agravado-cometido-en-la-region-de-la-mixteca","title":{"rendered":"BOLET\u00cdN 961.-Obtiene FGEO vinculaci\u00f3n a proceso contra una persona por el delito de Abigeato Agravado cometido en la regi\u00f3n de la Mixteca"},"content":{"rendered":"<p><strong>Oaxaca de Ju\u00e1rez, Oax. 13 de septiembre de 2024.-<\/strong> La Fiscal\u00eda General del Estado de Oaxaca (FGEO) obtuvo auto de vinculaci\u00f3n a proceso en contra de una persona del sexo masculino identificada como O.A.A., por el delito de Abigeato Agravado, cometido en la regi\u00f3n de la Mixteca.<\/p>\n<p>De acuerdo con la denuncia asentada en el expediente penal del caso, se trata de tres caballos que fueron sustra\u00eddos de la agencia municipal de San Miguel Astatla, perteneciente al municipio de Concepci\u00f3n Buenavista, hechos ocurridos el 01 de septiembre de 2024.<\/p>\n<p>Tras estos hechos las autoridades ministeriales lograron la detenci\u00f3n de O.A.A., cuando circulaba en direcci\u00f3n al municipio de Concepci\u00f3n Buenavista Coixtlahuaca.<\/p>\n<p>Durante la detenci\u00f3n, el imputado llevaba consigo los tres caballos que coincid\u00edan con las caracter\u00edsticas de los animales que hab\u00edan sido reportados como robados.<\/p>\n<p>Por estos hechos fue detenido y presentado ante el Ministerio P\u00fablico adscrito a la Vicefiscal\u00eda Regional de la Mixteca para su proceso legal correspondiente.<\/p>\n<p>Durante la audiencia de desahogo y tras los datos de prueba presentados por la FGEO, el juez que atiende la causa dict\u00f3 auto de vinculaci\u00f3n a proceso por el delito de Abigeato Agravado imponiendo las medidas cautelares pertinentes con el caso, otorgando tres meses para el cierre de la investigaci\u00f3n complementaria.<\/p>\n<p>La Fiscal\u00eda General de Oaxaca refrenda su compromiso de trabajar para combatir la comisi\u00f3n de todo tipo de delitos en las regiones de la entidad, con el objetivo de garantizar la seguridad p\u00fablica para la ciudadan\u00eda.<\/p>\n<p>&nbsp;<\/p>\n","protected":false},"author":2,"featured_media":7352,"comment_status":"closed","ping_status":"closed","template":"","tags":[],"categoria_noticias":[],"class_list":["post-16318","noticias","type-noticias","status-publish","has-post-thumbnail","hentry"],"acf":[],"mb":[],"mfb_rest_fields":["title","gutenberg_elementor_mode"],"_links":{"self":[{"href":"https:\/\/portal.fgeo.gob.mx\/index.php\/wp-json\/wp\/v2\/noticias\/16318","targetHints":{"allow":["GET"]}}],"collection":[{"href":"https:\/\/portal.fgeo.gob.mx\/index.php\/wp-json\/wp\/v2\/noticias"}],"about":[{"href":"https:\/\/portal.fgeo.gob.mx\/index.php\/wp-json\/wp\/v2\/types\/noticias"}],"author":[{"embeddable":true,"href":"https:\/\/portal.fgeo.gob.mx\/index.php\/wp-json\/wp\/v2\/users\/2"}],"replies":[{"embeddable":true,"href":"https:\/\/portal.fgeo.gob.mx\/index.php\/wp-json\/wp\/v2\/comments?post=16318"}],"wp:featuredmedia":[{"embeddable":true,"href":"https:\/\/portal.fgeo.gob.mx\/index.php\/wp-json\/"}],"wp:attachment":[{"href":"https:\/\/portal.fgeo.gob.mx\/index.php\/wp-json\/wp\/v2\/media?parent=16318"}],"wp:term":[{"taxonomy":"post_tag","embeddable":true,"href":"https:\/\/portal.fgeo.gob.mx\/index.php\/wp-json\/wp\/v2\/tags?post=16318"},{"taxonomy":"categoria_noticias","embeddable":true,"href":"https:\/\/portal.fgeo.gob.mx\/index.php\/wp-json\/wp\/v2\/categoria_noticias?post=16318"}],"curies":[{"name":"wp","href":"https:\/\/api.w.org\/{rel}","templated":true}]}}