{"id":16317,"date":"2024-09-13T10:44:05","date_gmt":"2024-09-13T16:44:05","guid":{"rendered":"https:\/\/fge.oaxaca.gob.mx\/?post_type=noticias&amp;p=7385"},"modified":"2024-09-13T10:44:05","modified_gmt":"2024-09-13T16:44:05","slug":"boletin-960-logra-fiscalia-de-oaxaca-imputacion-por-tentativa-de-feminicidio-ocurrido-en-la-region-de-la-mixteca","status":"publish","type":"noticias","link":"https:\/\/portal.fgeo.gob.mx\/index.php\/archivos\/noticias\/boletin-960-logra-fiscalia-de-oaxaca-imputacion-por-tentativa-de-feminicidio-ocurrido-en-la-region-de-la-mixteca","title":{"rendered":"BOLET\u00cdN 960.- Logra Fiscal\u00eda de Oaxaca imputaci\u00f3n por tentativa de feminicidio ocurrido en la regi\u00f3n de la Mixteca"},"content":{"rendered":"<p><strong>Oaxaca de Ju\u00e1rez, Oax. 13 de septiembre de 2024.-<\/strong> Las investigaciones con perspectiva de g\u00e9nero de la Fiscal\u00eda General del Estado de Oaxaca (FGEO) hicieron posible la aprehensi\u00f3n e imputaci\u00f3n de S.R.R., por el delito de Tentativa de Feminicidio Agravado en agravio de las v\u00edctimas identificadas como I.R.M. y una menor de edad (madre e hija), hechos suscitados en la regi\u00f3n Mixteca.<\/p>\n<p>Los hechos ocurrieron el 23 de agosto de 2024, de acuerdo con el expediente penal del caso, cuando las v\u00edctimas I.R.M. y E.R.R., se encontraban al interior de su domicilio ubicado en la Agencia municipal L\u00e1zaro C\u00e1rdenas, en el municipio de Coicoy\u00e1n de las Flores, sitio al que lleg\u00f3 el agresor, quien atac\u00f3 a la v\u00edctima I.R.M., de manera f\u00edsica y verbal.<\/p>\n<p>En el lugar, el agresor realiz\u00f3 disparos de arma de fuego dirigidos hacia ambas v\u00edctimas, infligiendo lesiones que pusieron en riesgo la vida de la menor de edad, cuya identidad est\u00e1 reservada por ley.<\/p>\n<p>A partir del resultado de los trabajos ministeriales encabezados por la FGEO, a trav\u00e9s de la Vicefiscal\u00eda Regional de la Mixteca, se obtuvo la orden de aprehensi\u00f3n correspondiente que se ejecut\u00f3 en contra de a S.R.R., quien fue presentado ante el Juez de Control quien calific\u00f3 como legal la detenci\u00f3n y comunic\u00f3 la imputaci\u00f3n por el delito de Tentativa de Feminicidio Agravado, derivado de lo cual se dict\u00f3 la medida de prisi\u00f3n preventiva justificada provisional.<\/p>\n<p>La Fiscal\u00eda General reitera su compromiso a esclarecer delitos de g\u00e9nero en la entidad, aplicando todo el rigor de la Ley a quien o quienes resulten responsables.<\/p>\n<p><img fetchpriority=\"high\" decoding=\"async\" class=\"size-medium wp-image-7386\" src=\"https:\/\/portal.fgeo.gob.mx\/wp-content\/uploads\/2024\/09\/Dise%C3%B1o-sin-t%C3%ADtulo-3-225x300.jpg\" alt=\"\" width=\"225\" height=\"300\" \/><\/p>\n","protected":false},"author":2,"featured_media":7352,"comment_status":"closed","ping_status":"closed","template":"","tags":[],"categoria_noticias":[],"class_list":["post-16317","noticias","type-noticias","status-publish","has-post-thumbnail","hentry"],"acf":[],"mb":[],"mfb_rest_fields":["title","gutenberg_elementor_mode"],"_links":{"self":[{"href":"https:\/\/portal.fgeo.gob.mx\/index.php\/wp-json\/wp\/v2\/noticias\/16317","targetHints":{"allow":["GET"]}}],"collection":[{"href":"https:\/\/portal.fgeo.gob.mx\/index.php\/wp-json\/wp\/v2\/noticias"}],"about":[{"href":"https:\/\/portal.fgeo.gob.mx\/index.php\/wp-json\/wp\/v2\/types\/noticias"}],"author":[{"embeddable":true,"href":"https:\/\/portal.fgeo.gob.mx\/index.php\/wp-json\/wp\/v2\/users\/2"}],"replies":[{"embeddable":true,"href":"https:\/\/portal.fgeo.gob.mx\/index.php\/wp-json\/wp\/v2\/comments?post=16317"}],"wp:featuredmedia":[{"embeddable":true,"href":"https:\/\/portal.fgeo.gob.mx\/index.php\/wp-json\/"}],"wp:attachment":[{"href":"https:\/\/portal.fgeo.gob.mx\/index.php\/wp-json\/wp\/v2\/media?parent=16317"}],"wp:term":[{"taxonomy":"post_tag","embeddable":true,"href":"https:\/\/portal.fgeo.gob.mx\/index.php\/wp-json\/wp\/v2\/tags?post=16317"},{"taxonomy":"categoria_noticias","embeddable":true,"href":"https:\/\/portal.fgeo.gob.mx\/index.php\/wp-json\/wp\/v2\/categoria_noticias?post=16317"}],"curies":[{"name":"wp","href":"https:\/\/api.w.org\/{rel}","templated":true}]}}