{"id":16316,"date":"2024-09-12T14:00:05","date_gmt":"2024-09-12T20:00:05","guid":{"rendered":"https:\/\/fge.oaxaca.gob.mx\/?post_type=noticias&amp;p=7384"},"modified":"2024-09-12T14:00:05","modified_gmt":"2024-09-12T20:00:05","slug":"boletin-959-fiscalia-de-oaxaca-logra-prision-preventiva-contra-sujeto-por-homicidio-calificado-cometido-en-la-region-de-la-mixteca","status":"publish","type":"noticias","link":"https:\/\/portal.fgeo.gob.mx\/index.php\/archivos\/noticias\/boletin-959-fiscalia-de-oaxaca-logra-prision-preventiva-contra-sujeto-por-homicidio-calificado-cometido-en-la-region-de-la-mixteca","title":{"rendered":"BOLET\u00cdN 959.-Fiscal\u00eda de Oaxaca logra prisi\u00f3n preventiva contra sujeto por homicidio calificado cometido en la regi\u00f3n de la Mixteca"},"content":{"rendered":"<p><strong>Oaxaca de Ju\u00e1rez, Oax. 12 de septiembre de 2024.-<\/strong> Derivado del trabajo ministerial que realiza la Fiscal\u00eda General del Estado de Oaxaca (FGEO) se obtuvo prisi\u00f3n preventiva en contra de P.J.M.M., por el delito de Homicidio Calificado en agravio de R.O.R., hechos ocurridos en la regi\u00f3n de la Mixteca.<\/p>\n<p>De acuerdo con lo asentado en el expediente penal, los hechos ocurrieron el 1 de junio de 2024, cuando la v\u00edctima se encontraba en la poblaci\u00f3n de San Andr\u00e9s Tepetlapa, Silacayo\u00e1pam, lugar en donde se encontraba su agresor, quien atac\u00f3 a la v\u00edctima con disparos de armas de fuego, infligiendo heridas que le ocasionaron la muerte.<\/p>\n<p>Ante estos hechos, la Fiscal\u00eda General del Estado de Oaxaca realiz\u00f3 las investigaciones correspondientes, que permitieron obtener una orden de aprehensi\u00f3n en contra de P.J.M.M.<\/p>\n<p>Una vez detenido, fue puesto a disposici\u00f3n del Ministerio P\u00fablico y tras valorar los datos de pruebas, el Juez de Control calific\u00f3 como legal la detenci\u00f3n de P.J.M.M., imponi\u00e9ndole prisi\u00f3n preventiva oficiosa.<\/p>\n<p>La Fiscal\u00eda General garantiza investigaciones exhaustivas para esclarecer delitos, aplicando las herramientas legales para castigar a quien o quienes resulten responsables.<\/p>\n<p>&nbsp;<\/p>\n<p>&nbsp;<\/p>\n<p>&nbsp;<\/p>\n","protected":false},"author":2,"featured_media":7352,"comment_status":"closed","ping_status":"closed","template":"","tags":[],"categoria_noticias":[],"class_list":["post-16316","noticias","type-noticias","status-publish","has-post-thumbnail","hentry"],"acf":[],"mb":[],"mfb_rest_fields":["title","gutenberg_elementor_mode"],"_links":{"self":[{"href":"https:\/\/portal.fgeo.gob.mx\/index.php\/wp-json\/wp\/v2\/noticias\/16316","targetHints":{"allow":["GET"]}}],"collection":[{"href":"https:\/\/portal.fgeo.gob.mx\/index.php\/wp-json\/wp\/v2\/noticias"}],"about":[{"href":"https:\/\/portal.fgeo.gob.mx\/index.php\/wp-json\/wp\/v2\/types\/noticias"}],"author":[{"embeddable":true,"href":"https:\/\/portal.fgeo.gob.mx\/index.php\/wp-json\/wp\/v2\/users\/2"}],"replies":[{"embeddable":true,"href":"https:\/\/portal.fgeo.gob.mx\/index.php\/wp-json\/wp\/v2\/comments?post=16316"}],"wp:featuredmedia":[{"embeddable":true,"href":"https:\/\/portal.fgeo.gob.mx\/index.php\/wp-json\/"}],"wp:attachment":[{"href":"https:\/\/portal.fgeo.gob.mx\/index.php\/wp-json\/wp\/v2\/media?parent=16316"}],"wp:term":[{"taxonomy":"post_tag","embeddable":true,"href":"https:\/\/portal.fgeo.gob.mx\/index.php\/wp-json\/wp\/v2\/tags?post=16316"},{"taxonomy":"categoria_noticias","embeddable":true,"href":"https:\/\/portal.fgeo.gob.mx\/index.php\/wp-json\/wp\/v2\/categoria_noticias?post=16316"}],"curies":[{"name":"wp","href":"https:\/\/api.w.org\/{rel}","templated":true}]}}