{"id":16314,"date":"2024-09-11T16:32:31","date_gmt":"2024-09-11T22:32:31","guid":{"rendered":"https:\/\/fge.oaxaca.gob.mx\/?post_type=noticias&amp;p=7381"},"modified":"2024-09-11T16:32:31","modified_gmt":"2024-09-11T22:32:31","slug":"reforma-judicial-un-paso-hacia-un-sistema-de-justicia-mas-equitativo-y-democratico-en-mexico-fiscal-de-oaxaca-bernardo-rodriguez-alamilla","status":"publish","type":"noticias","link":"https:\/\/portal.fgeo.gob.mx\/index.php\/archivos\/noticias\/reforma-judicial-un-paso-hacia-un-sistema-de-justicia-mas-equitativo-y-democratico-en-mexico-fiscal-de-oaxaca-bernardo-rodriguez-alamilla","title":{"rendered":"Reforma Judicial, un paso hacia un sistema de justicia  m\u00e1s equitativo y democr\u00e1tico en M\u00e9xico: Fiscal de Oaxaca, Bernardo Rodr\u00edguez Alamilla"},"content":{"rendered":"<p><strong>Oaxaca de Ju\u00e1rez, Oax. 11 de septiembre de 2024.- <\/strong>La Fiscal\u00eda General de Justicia del Estado de Oaxaca, saluda la reciente aprobaci\u00f3n de la Reforma Constitucional al poder judicial por parte del Congreso de la Uni\u00f3n y su correspondiente aprobaci\u00f3n por parte del Congreso del Estado de Oaxaca. Sin duda, esta reforma constituye un paso fundamental hacia un sistema de justicia m\u00e1s equitativo y democr\u00e1tico en M\u00e9xico. Con este acontecimiento, se abren nuevos caminos para construir un andamiaje jur\u00eddico institucional en el que la ciudadan\u00eda se sienta m\u00e1s pr\u00f3xima a quienes imparten justicia en nuestro pa\u00eds.<\/p>\n<p>&nbsp;<\/p>\n<p>En esta materia, el reto ser\u00e1 siempre c\u00f3mo generar propuestas creativas que impacten no s\u00f3lo en un mejoramiento en el acceso a la justicia, sino tambi\u00e9n en un ejercicio m\u00e1s democr\u00e1tico de los derechos humanos. La elecci\u00f3n de personas juzgadoras tanto a nivel federal como local, el establecimiento de un plazo l\u00edmite para dictar sentencias, la creaci\u00f3n de un \u00f3rgano nacional de formaci\u00f3n y certificaci\u00f3n de operadores jur\u00eddicos, entre otros aspectos destacables en esta reforma, representan un nuevo cap\u00edtulo en la historia de M\u00e9xico en su transitar hacia mejores modelos de justicia.<\/p>\n<p>&nbsp;<\/p>\n<p>Como sabemos, en el dise\u00f1o institucional la \u00fanica constante es el cambio, por ello, damos la bienvenida a este importante suceso de la vida nacional y reconocemos la obligaci\u00f3n, como instituci\u00f3n procuradora de justicia, de transformanos y realizar las adecuaciones necesarias, en beneficio de la ciudadan\u00eda, para estar acorde a la nueva realidad que esta reforma plantea.<\/p>\n<p>&nbsp;<\/p>\n<p>&nbsp;<\/p>\n","protected":false},"author":2,"featured_media":7352,"comment_status":"closed","ping_status":"closed","template":"","tags":[],"categoria_noticias":[],"class_list":["post-16314","noticias","type-noticias","status-publish","has-post-thumbnail","hentry"],"acf":[],"mb":[],"mfb_rest_fields":["title","gutenberg_elementor_mode"],"_links":{"self":[{"href":"https:\/\/portal.fgeo.gob.mx\/index.php\/wp-json\/wp\/v2\/noticias\/16314","targetHints":{"allow":["GET"]}}],"collection":[{"href":"https:\/\/portal.fgeo.gob.mx\/index.php\/wp-json\/wp\/v2\/noticias"}],"about":[{"href":"https:\/\/portal.fgeo.gob.mx\/index.php\/wp-json\/wp\/v2\/types\/noticias"}],"author":[{"embeddable":true,"href":"https:\/\/portal.fgeo.gob.mx\/index.php\/wp-json\/wp\/v2\/users\/2"}],"replies":[{"embeddable":true,"href":"https:\/\/portal.fgeo.gob.mx\/index.php\/wp-json\/wp\/v2\/comments?post=16314"}],"wp:featuredmedia":[{"embeddable":true,"href":"https:\/\/portal.fgeo.gob.mx\/index.php\/wp-json\/"}],"wp:attachment":[{"href":"https:\/\/portal.fgeo.gob.mx\/index.php\/wp-json\/wp\/v2\/media?parent=16314"}],"wp:term":[{"taxonomy":"post_tag","embeddable":true,"href":"https:\/\/portal.fgeo.gob.mx\/index.php\/wp-json\/wp\/v2\/tags?post=16314"},{"taxonomy":"categoria_noticias","embeddable":true,"href":"https:\/\/portal.fgeo.gob.mx\/index.php\/wp-json\/wp\/v2\/categoria_noticias?post=16314"}],"curies":[{"name":"wp","href":"https:\/\/api.w.org\/{rel}","templated":true}]}}