{"id":16311,"date":"2024-09-10T15:00:11","date_gmt":"2024-09-10T21:00:11","guid":{"rendered":"https:\/\/fge.oaxaca.gob.mx\/?post_type=noticias&amp;p=7362"},"modified":"2024-09-10T15:00:11","modified_gmt":"2024-09-10T21:00:11","slug":"boletin-955-obtiene-fgeo-vinculacion-a-proceso-contra-una-persona-por-el-delito-contra-la-salud-cometido-en-la-region-de-la-costa","status":"publish","type":"noticias","link":"https:\/\/portal.fgeo.gob.mx\/index.php\/archivos\/noticias\/boletin-955-obtiene-fgeo-vinculacion-a-proceso-contra-una-persona-por-el-delito-contra-la-salud-cometido-en-la-region-de-la-costa","title":{"rendered":"BOLET\u00cdN 955.- Obtiene FGEO vinculaci\u00f3n a proceso contra una persona por el delito contra la salud, cometido en la regi\u00f3n de la Costa"},"content":{"rendered":"<p>&nbsp;<\/p>\n<p><strong>Oaxaca de Ju\u00e1rez, Oax. 10 de septiembre de 2024.-<\/strong> La Fiscal\u00eda General del Estado de Oaxaca (FGEO) obtuvo auto de vinculaci\u00f3n a proceso en contra de una persona del sexo masculino identificada como E.H.R., por el delito Contra la Salud en agravio de la sociedad, cometido en la regi\u00f3n de la Costa.<\/p>\n<p>De acuerdo con la investigaci\u00f3n penal, E.H.R., fue detenido en calles c\u00e9ntricas de San Pedro Pochutla por polic\u00edas municipales que al implementar recorridos de seguridad y vigilancia observaron al sujeto que, al verlos, intent\u00f3 darse a la fuga, por lo que fue alcanzado y conforme a derecho se le efectu\u00f3 una inspecci\u00f3n de rutina.<\/p>\n<p>Durante la revisi\u00f3n, a E.H.R. le fueron halladas diversas dosis de metanfetaminas, droga com\u00fanmente conocida como cristal.<\/p>\n<p>Por estos hechos fue detenido y presentado ante el Ministerio P\u00fablico adscrito a la Vicefiscal\u00eda Regional de la Costa, quien present\u00f3 ante la autoridad correspondiente para su proceso legal.<\/p>\n<p>Durante la audiencia de desahogo y tras los datos de prueba presentados por la FGEO, el juez que atiende la causa dict\u00f3 auto de vinculaci\u00f3n a proceso por el delito Contra la Salud imponiendo la medida cautelar de prisi\u00f3n preventiva justificada, adem\u00e1s de otorgar un mes para el cierre de la investigaci\u00f3n complementaria.<\/p>\n<p>Para la Fiscal\u00eda General de Oaxaca, el combate a la venta y distribuci\u00f3n de drogas en su modalidad de narcomenudeo, forma parte de la estrategia de seguridad que realizan para garantizar una eficaz procuraci\u00f3n de justicia en la entidad.<\/p>\n<p><img fetchpriority=\"high\" decoding=\"async\" class=\"size-medium wp-image-7363\" src=\"https:\/\/portal.fgeo.gob.mx\/wp-content\/uploads\/2024\/09\/Dise%C3%B1o-sin-t%C3%ADtulo-2-300x247.jpg\" alt=\"\" width=\"300\" height=\"247\" \/><\/p>\n<p>&nbsp;<\/p>\n","protected":false},"author":2,"featured_media":7352,"comment_status":"closed","ping_status":"closed","template":"","tags":[],"categoria_noticias":[],"class_list":["post-16311","noticias","type-noticias","status-publish","has-post-thumbnail","hentry"],"acf":[],"mb":[],"mfb_rest_fields":["title","gutenberg_elementor_mode"],"_links":{"self":[{"href":"https:\/\/portal.fgeo.gob.mx\/index.php\/wp-json\/wp\/v2\/noticias\/16311","targetHints":{"allow":["GET"]}}],"collection":[{"href":"https:\/\/portal.fgeo.gob.mx\/index.php\/wp-json\/wp\/v2\/noticias"}],"about":[{"href":"https:\/\/portal.fgeo.gob.mx\/index.php\/wp-json\/wp\/v2\/types\/noticias"}],"author":[{"embeddable":true,"href":"https:\/\/portal.fgeo.gob.mx\/index.php\/wp-json\/wp\/v2\/users\/2"}],"replies":[{"embeddable":true,"href":"https:\/\/portal.fgeo.gob.mx\/index.php\/wp-json\/wp\/v2\/comments?post=16311"}],"wp:featuredmedia":[{"embeddable":true,"href":"https:\/\/portal.fgeo.gob.mx\/index.php\/wp-json\/"}],"wp:attachment":[{"href":"https:\/\/portal.fgeo.gob.mx\/index.php\/wp-json\/wp\/v2\/media?parent=16311"}],"wp:term":[{"taxonomy":"post_tag","embeddable":true,"href":"https:\/\/portal.fgeo.gob.mx\/index.php\/wp-json\/wp\/v2\/tags?post=16311"},{"taxonomy":"categoria_noticias","embeddable":true,"href":"https:\/\/portal.fgeo.gob.mx\/index.php\/wp-json\/wp\/v2\/categoria_noticias?post=16311"}],"curies":[{"name":"wp","href":"https:\/\/api.w.org\/{rel}","templated":true}]}}