{"id":16310,"date":"2024-09-10T12:31:58","date_gmt":"2024-09-10T18:31:58","guid":{"rendered":"https:\/\/fge.oaxaca.gob.mx\/?post_type=noticias&amp;p=7353"},"modified":"2024-09-10T12:31:58","modified_gmt":"2024-09-10T18:31:58","slug":"boletin-954-por-trabajo-de-inteligencia-criminal-de-la-fgeo-detiene-a-dos-personas-por-secuestro-cometido-en-la-region-de-la-costa","status":"publish","type":"noticias","link":"https:\/\/portal.fgeo.gob.mx\/index.php\/archivos\/noticias\/boletin-954-por-trabajo-de-inteligencia-criminal-de-la-fgeo-detiene-a-dos-personas-por-secuestro-cometido-en-la-region-de-la-costa","title":{"rendered":"BOLET\u00cdN 954.- Por trabajo de inteligencia criminal de la FGEO, detiene a dos personas por secuestro cometido en la regi\u00f3n de la Costa"},"content":{"rendered":"<p>* Investigaciones revelaron que estar\u00edan implicados en la comisi\u00f3n de diversos delitos en la zona, pues sus nombres aparecen en diferentes carpetas de investigaci\u00f3n<\/p>\n<p><strong>Oaxaca de Ju\u00e1rez, Oax. 10 de septiembre de 2024.-<\/strong> El trabajo ministerial especializado en delitos de alto impacto que lleva a cabo la Fiscal\u00eda General del Estado de Oaxaca (FGEO) hizo posible la detenci\u00f3n de dos personas del sexo masculino identificadas por las iniciales V. M. R. S. y D. P. A., por el delito de Secuestro, ocurrido en la regi\u00f3n de la Costa.<\/p>\n<p>Conforme a lo asentado en el expediente penal, los hechos ocurrieron el 04 de septiembre de 2024, cuando la v\u00edctima (cuya identidad est\u00e1 reservada por ley), quien labora como chofer de taxi, fue privado de la libertad tras haber brindado un servicio de viaje con destino a Pinotepa Nacional.<\/p>\n<p>La investigaci\u00f3n revela que, mientras la v\u00edctima estuvo en cautiverio, los captores ped\u00edan dinero en efectivo para su liberaci\u00f3n.<\/p>\n<p>Derivado de una denuncia, la Fiscal\u00eda de Oaxaca tom\u00f3 conocimiento del caso e inici\u00f3 las investigaciones correspondientes a trav\u00e9s de la Fiscal\u00eda Especial para la Atenci\u00f3n a Delitos de Alto Impacto, por lo que despleg\u00f3 a elementos de la Unidad Especializada en Combate al Secuestro, para realizar un operativo y rescatar a la v\u00edctima, logrando al mismo tiempo la detenci\u00f3n de V. M. R. S. y D. P. A., a quienes aseguraron dinero en efectivo, equipos telef\u00f3nicos y una arma de fuego.<\/p>\n<p>Por estos hechos, las dos personas, as\u00ed como los objetos asegurados, fueron presentadas ante la autoridad competente, para que se resuelva su situaci\u00f3n jur\u00eddica.<\/p>\n<p>De acuerdo con el resultado de las investigaciones, a trav\u00e9s de trabajos de inteligencia criminal que efect\u00faa la FGEO, se estableci\u00f3 que V.M. R. S. y D. P. A., estar\u00edan relacionados en diversas actividades il\u00edcitas cometidas en Mancuernas, El Ciruelo, Lagunillas municipios y agencias con l\u00edmites entre Oaxaca y el estado de Guerrero, como consta en diversas carpetas de investigaci\u00f3n.<\/p>\n<p>Los trabajos de combate al secuestro que realiza la Fiscal\u00eda de Oaxaca se efect\u00faan en estricto apego a los protocolos de actuaci\u00f3n en la materia para dar certeza a las v\u00edctimas directas e indirectas, para que tengan pleno acceso a la justicia.<\/p>\n<p><img fetchpriority=\"high\" decoding=\"async\" class=\"alignnone size-medium wp-image-7354\" src=\"https:\/\/portal.fgeo.gob.mx\/wp-content\/uploads\/2024\/09\/Dise%C3%B1o-sin-t%C3%ADtulo-1-243x300.jpg\" alt=\"\" width=\"243\" height=\"300\" \/> <img decoding=\"async\" class=\"alignnone size-medium wp-image-7355\" src=\"https:\/\/portal.fgeo.gob.mx\/wp-content\/uploads\/2024\/09\/Dise%C3%B1o-sin-t%C3%ADtulo-240x300.jpg\" alt=\"\" width=\"240\" height=\"300\" \/><\/p>\n","protected":false},"author":2,"featured_media":7352,"comment_status":"closed","ping_status":"closed","template":"","tags":[],"categoria_noticias":[],"class_list":["post-16310","noticias","type-noticias","status-publish","has-post-thumbnail","hentry"],"acf":[],"mb":[],"mfb_rest_fields":["title","gutenberg_elementor_mode"],"_links":{"self":[{"href":"https:\/\/portal.fgeo.gob.mx\/index.php\/wp-json\/wp\/v2\/noticias\/16310","targetHints":{"allow":["GET"]}}],"collection":[{"href":"https:\/\/portal.fgeo.gob.mx\/index.php\/wp-json\/wp\/v2\/noticias"}],"about":[{"href":"https:\/\/portal.fgeo.gob.mx\/index.php\/wp-json\/wp\/v2\/types\/noticias"}],"author":[{"embeddable":true,"href":"https:\/\/portal.fgeo.gob.mx\/index.php\/wp-json\/wp\/v2\/users\/2"}],"replies":[{"embeddable":true,"href":"https:\/\/portal.fgeo.gob.mx\/index.php\/wp-json\/wp\/v2\/comments?post=16310"}],"wp:featuredmedia":[{"embeddable":true,"href":"https:\/\/portal.fgeo.gob.mx\/index.php\/wp-json\/"}],"wp:attachment":[{"href":"https:\/\/portal.fgeo.gob.mx\/index.php\/wp-json\/wp\/v2\/media?parent=16310"}],"wp:term":[{"taxonomy":"post_tag","embeddable":true,"href":"https:\/\/portal.fgeo.gob.mx\/index.php\/wp-json\/wp\/v2\/tags?post=16310"},{"taxonomy":"categoria_noticias","embeddable":true,"href":"https:\/\/portal.fgeo.gob.mx\/index.php\/wp-json\/wp\/v2\/categoria_noticias?post=16310"}],"curies":[{"name":"wp","href":"https:\/\/api.w.org\/{rel}","templated":true}]}}