{"id":16309,"date":"2024-09-09T18:21:11","date_gmt":"2024-09-10T00:21:11","guid":{"rendered":"https:\/\/fge.oaxaca.gob.mx\/?post_type=noticias&amp;p=7349"},"modified":"2024-09-09T18:21:11","modified_gmt":"2024-09-10T00:21:11","slug":"boletin-953-obtiene-fiscalia-de-oaxaca-vinculacion-a-proceso-contra-dos-elementos-de-la-policia-municipal-de-santa-lucia-del-camino-por-el-delito-de-ejecucion-extrajudicial","status":"publish","type":"noticias","link":"https:\/\/portal.fgeo.gob.mx\/index.php\/archivos\/noticias\/boletin-953-obtiene-fiscalia-de-oaxaca-vinculacion-a-proceso-contra-dos-elementos-de-la-policia-municipal-de-santa-lucia-del-camino-por-el-delito-de-ejecucion-extrajudicial","title":{"rendered":"BOLET\u00cdN 953 &#8211; Obtiene Fiscal\u00eda de Oaxaca vinculaci\u00f3n a proceso contra dos elementos de la Polic\u00eda Municipal de Santa Luc\u00eda del Camino, por el delito de Ejecuci\u00f3n Extrajudicial"},"content":{"rendered":"<p><strong>Oaxaca de Ju\u00e1rez, Oax. 09 de septiembre de 2024.-<\/strong> Como resultado de los trabajos de inteligencia e investigaci\u00f3n efectuados con apego a la perspectiva de derechos humanos y victimol\u00f3gica, la Fiscal\u00eda General del Estado de Oaxaca (FGEO) obtuvo auto de vinculaci\u00f3n a proceso contra dos personas del sexo masculino identificadas como A.R.P. y J.J.S.C. (elementos activos de la polic\u00eda municipal) por el delito de ejecuci\u00f3n extrajudicial en agravio de D. I. P., hechos ocurridos durante un operativo de alcohol\u00edmetro en el municipio de Santa Luc\u00eda del Camino.<\/p>\n<p>De acuerdo con la causa penal, los hechos ocurrieron durante la madrugada del s\u00e1bado 31 de agosto de 2024, cuando dos personas del sexo masculino, identificadas por las iniciales C. J. R. M. y D. I. P., viajaban a bordo de un autom\u00f3vil sobre la Avenida L\u00e1zaro C\u00e1rdenas, de ese municipio.<\/p>\n<p>En el lugar se encontraba un punto de revisi\u00f3n de un operativo de alcohol\u00edmetro implementado por el Ayuntamiento de Santa Luc\u00eda del Camino, a partir del cual derivaron sucesos en los que D. I. P. perdi\u00f3 la vida, por las lesiones infligidas luego de una agresi\u00f3n con disparos de arma de fuego.<\/p>\n<p>Ante estos hechos, la FGEO inici\u00f3 las investigaciones correspondientes, a trav\u00e9s de la Fiscal\u00eda Especializada para la Atenci\u00f3n a Delitos de Alto Impacto, gracias a las cuales fue posible la detenci\u00f3n de los imputados, quienes fueron presentados ante el Juez que conoce la causa.<\/p>\n<p>Tras llevarlos a audiencia, con base en los datos de prueba aportados por la Fiscal\u00eda de Oaxaca, el Juez de Control dict\u00f3 auto de vinculaci\u00f3n a proceso en contra de A.R.P. y J.J.S.C., por el delito de ejecuci\u00f3n extrajudicial, adem\u00e1s de que impuso la medida cautelar de prisi\u00f3n preventiva, otorgando cinco meses para el cierre de investigaci\u00f3n complementaria.<\/p>\n<p>En este caso en particular, la instituci\u00f3n procuradora de justicia aplica las directrices del Protocolo de Minnesota, esto con el objetivo de garantizar una investigaci\u00f3n exhaustiva, imparcial, independiente y transparente, por ello, colabora un equipo multidisciplinario y especializado que hace posible realizar labores integrales que garanticen que las v\u00edctimas directas e indirectas tengan acceso a la verdad jur\u00eddica de los hechos.<\/p>\n<p>La Fiscal\u00eda de Oaxaca reitera la importancia de aplicar la perspectiva de derechos humanos que garantiza un adecuado proceso de procuraci\u00f3n de justicia, pues una investigaci\u00f3n\u00a0 eficaz de un caso en el que se present\u00f3 una muerte il\u00edcita por un posible uso ilegal de la fuerza, funciona como un mecanismo de rendici\u00f3n de cuentas que permite -a las v\u00edctimas directas e indirectas, as\u00ed como a la sociedad- acceder a una justicia restaurativa a trav\u00e9s de garantizar plenamente el derecho a la verdad, la memoria y la reparaci\u00f3n.<\/p>\n<p>La Fiscal\u00eda General del Estado de Oaxaca lleva a cabo investigaciones exhaustivas para que este hecho no quede impune, aplicando todo el rigor de la Ley a quien o quienes resulten responsables.<\/p>\n<p><img fetchpriority=\"high\" decoding=\"async\" class=\"alignnone size-medium wp-image-7350\" src=\"https:\/\/portal.fgeo.gob.mx\/wp-content\/uploads\/2024\/09\/BOLET%C3%8DN-953-Obtiene-Fiscal%C3%ADa-de-Oaxaca-vinculaci%C3%B3n-a-proceso-contra-dos-elementos-de-la-Polic%C3%ADa-Municipal-de-Santa-Luc%C3%ADa-del-Camino-por-el-delito-de-Ejecuci%C3%B3n-Extrajudicial-1-300x171.jpeg\" alt=\"\" width=\"300\" height=\"171\" \/> <img decoding=\"async\" class=\"alignnone size-medium wp-image-7351\" src=\"https:\/\/portal.fgeo.gob.mx\/wp-content\/uploads\/2024\/09\/BOLET%C3%8DN-953-Obtiene-Fiscal%C3%ADa-de-Oaxaca-vinculaci%C3%B3n-a-proceso-contra-dos-elementos-de-la-Polic%C3%ADa-Municipal-de-Santa-Luc%C3%ADa-del-Camino-por-el-delito-de-Ejecuci%C3%B3n-Extrajudicial-2-300x141.jpeg\" alt=\"\" width=\"300\" height=\"141\" \/><\/p>\n","protected":false},"author":2,"featured_media":7352,"comment_status":"closed","ping_status":"closed","template":"","tags":[],"categoria_noticias":[],"class_list":["post-16309","noticias","type-noticias","status-publish","has-post-thumbnail","hentry"],"acf":[],"mb":[],"mfb_rest_fields":["title","gutenberg_elementor_mode"],"_links":{"self":[{"href":"https:\/\/portal.fgeo.gob.mx\/index.php\/wp-json\/wp\/v2\/noticias\/16309","targetHints":{"allow":["GET"]}}],"collection":[{"href":"https:\/\/portal.fgeo.gob.mx\/index.php\/wp-json\/wp\/v2\/noticias"}],"about":[{"href":"https:\/\/portal.fgeo.gob.mx\/index.php\/wp-json\/wp\/v2\/types\/noticias"}],"author":[{"embeddable":true,"href":"https:\/\/portal.fgeo.gob.mx\/index.php\/wp-json\/wp\/v2\/users\/2"}],"replies":[{"embeddable":true,"href":"https:\/\/portal.fgeo.gob.mx\/index.php\/wp-json\/wp\/v2\/comments?post=16309"}],"wp:featuredmedia":[{"embeddable":true,"href":"https:\/\/portal.fgeo.gob.mx\/index.php\/wp-json\/"}],"wp:attachment":[{"href":"https:\/\/portal.fgeo.gob.mx\/index.php\/wp-json\/wp\/v2\/media?parent=16309"}],"wp:term":[{"taxonomy":"post_tag","embeddable":true,"href":"https:\/\/portal.fgeo.gob.mx\/index.php\/wp-json\/wp\/v2\/tags?post=16309"},{"taxonomy":"categoria_noticias","embeddable":true,"href":"https:\/\/portal.fgeo.gob.mx\/index.php\/wp-json\/wp\/v2\/categoria_noticias?post=16309"}],"curies":[{"name":"wp","href":"https:\/\/api.w.org\/{rel}","templated":true}]}}