{"id":16308,"date":"2024-09-09T10:40:51","date_gmt":"2024-09-09T16:40:51","guid":{"rendered":"https:\/\/fge.oaxaca.gob.mx\/?post_type=noticias&amp;p=7348"},"modified":"2024-09-09T10:40:51","modified_gmt":"2024-09-09T16:40:51","slug":"boletin-952-fgeo-aprehende-a-un-hombre-imputado-por-el-delito-de-feminicidio-agravado-hechos-ocurridos-en-san-francisco-lachigolo","status":"publish","type":"noticias","link":"https:\/\/portal.fgeo.gob.mx\/index.php\/archivos\/noticias\/boletin-952-fgeo-aprehende-a-un-hombre-imputado-por-el-delito-de-feminicidio-agravado-hechos-ocurridos-en-san-francisco-lachigolo","title":{"rendered":"BOLET\u00cdN 952.- FGEO aprehende a un hombre imputado por el delito de feminicidio agravado, hechos ocurridos en San Francisco Lachigol\u00f3"},"content":{"rendered":"<p><strong>Oaxaca de Ju\u00e1rez, Oax. 09 de septiembre de 2024.-<\/strong> Como resultado de las primeras indagatorias y labores de investigaci\u00f3n apegadas al Protocolo de Investigaci\u00f3n Ministerial, Policial y Pericial del Delito de Feminicidio, realizadas por la Fiscal\u00eda General del Estado de Oaxaca, permitieron aprehender y llevar ante el Juez a una persona del sexo masculino identificada como E.P.G., por el delito de feminicidio, derivado de hechos ocurridos en la regi\u00f3n de Valles Centrales.<\/p>\n<p>El pasado 5 de septiembre de 2024, elementos de la Polic\u00eda Estatal encontraron el cuerpo sin vida de una mujer identificada como T.M.A.C. en inmediaciones de San Francisco Lachigol\u00f3, el hallazgo del cuerpo ocurri\u00f3 en el tramo que comunica el camino a la Mojonera y al Camino al Ojo de Agua.<\/p>\n<p>Ante los hechos, la FGEO intervino y el caso qued\u00f3 a cargo de la Unidad de G\u00e9nero de la Vicefiscal\u00eda Regional de Valles Centrales, la cual realiza las primeras indagatorias y labores de investigaci\u00f3n apegadas al Protocolo de Investigaci\u00f3n Ministerial, Policial y Pericial del Delito de Feminicidio, lo que permiti\u00f3 la aprehensi\u00f3n de una persona del sexo masculino quien fue llevado ante el juez, obteniendo el resultado favorable en la audiencia de control de detenci\u00f3n y comunicaci\u00f3n de imputaci\u00f3n que se desarroll\u00f3 el 7 de septiembre en contra de E.P.G., por el delito de feminicidio agravado.<\/p>\n<p>La Fiscal\u00eda General del Estado est\u00e1 comprometida con presentar ante la ley a quien o quienes resulten responsables, especialmente en los casos relacionados con delitos cometidos contra las mujeres, por ello, se implementan investigaciones integrales y con perspectiva de g\u00e9nero que garanticen a las v\u00edctimas un adecuado proceso de procuraci\u00f3n de justicia.<\/p>\n<p>&nbsp;<\/p>\n","protected":false},"author":2,"featured_media":7108,"comment_status":"closed","ping_status":"closed","template":"","tags":[],"categoria_noticias":[],"class_list":["post-16308","noticias","type-noticias","status-publish","has-post-thumbnail","hentry"],"acf":[],"mb":[],"mfb_rest_fields":["title","gutenberg_elementor_mode"],"_links":{"self":[{"href":"https:\/\/portal.fgeo.gob.mx\/index.php\/wp-json\/wp\/v2\/noticias\/16308","targetHints":{"allow":["GET"]}}],"collection":[{"href":"https:\/\/portal.fgeo.gob.mx\/index.php\/wp-json\/wp\/v2\/noticias"}],"about":[{"href":"https:\/\/portal.fgeo.gob.mx\/index.php\/wp-json\/wp\/v2\/types\/noticias"}],"author":[{"embeddable":true,"href":"https:\/\/portal.fgeo.gob.mx\/index.php\/wp-json\/wp\/v2\/users\/2"}],"replies":[{"embeddable":true,"href":"https:\/\/portal.fgeo.gob.mx\/index.php\/wp-json\/wp\/v2\/comments?post=16308"}],"wp:featuredmedia":[{"embeddable":true,"href":"https:\/\/portal.fgeo.gob.mx\/index.php\/wp-json\/wp\/v2\/media\/7108"}],"wp:attachment":[{"href":"https:\/\/portal.fgeo.gob.mx\/index.php\/wp-json\/wp\/v2\/media?parent=16308"}],"wp:term":[{"taxonomy":"post_tag","embeddable":true,"href":"https:\/\/portal.fgeo.gob.mx\/index.php\/wp-json\/wp\/v2\/tags?post=16308"},{"taxonomy":"categoria_noticias","embeddable":true,"href":"https:\/\/portal.fgeo.gob.mx\/index.php\/wp-json\/wp\/v2\/categoria_noticias?post=16308"}],"curies":[{"name":"wp","href":"https:\/\/api.w.org\/{rel}","templated":true}]}}