{"id":16303,"date":"2024-09-04T10:39:58","date_gmt":"2024-09-04T16:39:58","guid":{"rendered":"https:\/\/fge.oaxaca.gob.mx\/?post_type=noticias&amp;p=7323"},"modified":"2024-09-04T10:39:58","modified_gmt":"2024-09-04T16:39:58","slug":"boletin-947-obtiene-fiscalia-de-oaxaca-sentencia-de-70-anos-de-prision-contra-el-castor-por-el-delito-de-secuestro-cometido-en-la-costa","status":"publish","type":"noticias","link":"https:\/\/portal.fgeo.gob.mx\/index.php\/archivos\/noticias\/boletin-947-obtiene-fiscalia-de-oaxaca-sentencia-de-70-anos-de-prision-contra-el-castor-por-el-delito-de-secuestro-cometido-en-la-costa","title":{"rendered":"BOLET\u00cdN 947.- Obtiene Fiscal\u00eda de Oaxaca sentencia de 70 a\u00f1os de prisi\u00f3n contra &#8220;El Castor&#8221; por el delito de Secuestro, cometido en la Costa"},"content":{"rendered":"<p><strong>Oaxaca de Ju\u00e1rez, Oax. 04 de septiembre de 2024.-<\/strong> El trabajo ministerial especializado en delitos de alto impacto que lleva a cabo la Fiscal\u00eda General del Estado de Oaxaca (FGEO) hizo posible obtener una sentencia condenatoria de 70 a\u00f1os de prisi\u00f3n en contra de una persona del sexo masculino identificada como Pedro B.C., alias &#8220;El Castor&#8221;, responsable por la comisi\u00f3n del delito de Secuestro Agravado, ocurrido en la regi\u00f3n de la Costa.<\/p>\n<p>De acuerdo con la causa penal, los hechos ocurrieron el 16 de marzo de 2012, cuando Pedro B.C., alias El Castor&#8221;, y grupo de personas, privaron de la libertad a la v\u00edctima identificada como C.M.S., cuando estaba sobre un camino de terracer\u00eda que conduce a la poblaci\u00f3n del Ciruelo, para despu\u00e9s trasladarlo a otro paraje perteneciente a Pinotepa Nacional.<\/p>\n<p>La investigaci\u00f3n revela que la v\u00edctima estuvo tres d\u00edas en cautiverio mientras los plagiarios ped\u00edan dinero en efectivo para su liberaci\u00f3n.<\/p>\n<p>Ante estos hechos, y tras la denuncia correspondiente, la FGEO inici\u00f3 los trabajos de investigaci\u00f3n los cuales quedaron a cargo de la Vicefiscal\u00eda Regional de la Costa, logrando aprehender y presentar al imputado ante el Juez que lo requiri\u00f3.<\/p>\n<p>Tras evaluar los datos de prueba aportados por la Fiscal\u00eda, el Juez que atiende la causa dict\u00f3 sentencia condenatoria de 70 a\u00f1os de prisi\u00f3n en contra de Pedro B.C., alias &#8220;El Castor&#8221;, por su responsabilidad en la comisi\u00f3n del delito de Secuestro Agravado e impuso el pago por m\u00e1s de 400 mil pesos por concepto de reparaci\u00f3n del da\u00f1o.<\/p>\n<p>Los trabajos de combate al secuestro que realiza la Fiscal\u00eda de Oaxaca se efect\u00faan de manera estricta los protocolos de actuaci\u00f3n en la materia para dar certeza a las v\u00edctimas directas e indirectas, para que tengan pleno acceso a la justicia.<\/p>\n","protected":false},"author":2,"featured_media":7108,"comment_status":"closed","ping_status":"closed","template":"","tags":[],"categoria_noticias":[],"class_list":["post-16303","noticias","type-noticias","status-publish","has-post-thumbnail","hentry"],"acf":[],"mb":[],"mfb_rest_fields":["title","gutenberg_elementor_mode"],"_links":{"self":[{"href":"https:\/\/portal.fgeo.gob.mx\/index.php\/wp-json\/wp\/v2\/noticias\/16303","targetHints":{"allow":["GET"]}}],"collection":[{"href":"https:\/\/portal.fgeo.gob.mx\/index.php\/wp-json\/wp\/v2\/noticias"}],"about":[{"href":"https:\/\/portal.fgeo.gob.mx\/index.php\/wp-json\/wp\/v2\/types\/noticias"}],"author":[{"embeddable":true,"href":"https:\/\/portal.fgeo.gob.mx\/index.php\/wp-json\/wp\/v2\/users\/2"}],"replies":[{"embeddable":true,"href":"https:\/\/portal.fgeo.gob.mx\/index.php\/wp-json\/wp\/v2\/comments?post=16303"}],"wp:featuredmedia":[{"embeddable":true,"href":"https:\/\/portal.fgeo.gob.mx\/index.php\/wp-json\/wp\/v2\/media\/7108"}],"wp:attachment":[{"href":"https:\/\/portal.fgeo.gob.mx\/index.php\/wp-json\/wp\/v2\/media?parent=16303"}],"wp:term":[{"taxonomy":"post_tag","embeddable":true,"href":"https:\/\/portal.fgeo.gob.mx\/index.php\/wp-json\/wp\/v2\/tags?post=16303"},{"taxonomy":"categoria_noticias","embeddable":true,"href":"https:\/\/portal.fgeo.gob.mx\/index.php\/wp-json\/wp\/v2\/categoria_noticias?post=16303"}],"curies":[{"name":"wp","href":"https:\/\/api.w.org\/{rel}","templated":true}]}}