{"id":16302,"date":"2024-09-03T15:00:00","date_gmt":"2024-09-03T21:00:00","guid":{"rendered":"https:\/\/fge.oaxaca.gob.mx\/?post_type=noticias&amp;p=7322"},"modified":"2024-09-03T15:00:00","modified_gmt":"2024-09-03T21:00:00","slug":"boletin-946-logra-fiscalia-de-oaxaca-vincular-a-proceso-a-cinco-personas-por-el-delito-de-amenazas-y-allanamiento-de-morada-ocurrida-en-san-pedro-pochutla","status":"publish","type":"noticias","link":"https:\/\/portal.fgeo.gob.mx\/index.php\/archivos\/noticias\/boletin-946-logra-fiscalia-de-oaxaca-vincular-a-proceso-a-cinco-personas-por-el-delito-de-amenazas-y-allanamiento-de-morada-ocurrida-en-san-pedro-pochutla","title":{"rendered":"BOLET\u00cdN 946.- Logra Fiscal\u00eda de Oaxaca vincular a proceso a cinco personas por el delito de amenazas y allanamiento de morada ocurrida en San Pedro Pochutla"},"content":{"rendered":"<p><strong>Oaxaca de Ju\u00e1rez, Oax. 03 de septiembre de 2024.-<\/strong> Como resultado del trabajo de investigaci\u00f3n ministerial para la procuraci\u00f3n de justicia, la Fiscal\u00eda General del Estado de Oaxaca (FGEO) obtuvo auto de vinculaci\u00f3n a proceso para cinco personas, cuatro mujeres y un hombre, por el delito de Amenazas y Allanamiento de Morada cometido en agravio de V.L.S., y S.V.L., en la regi\u00f3n de la Costa.<\/p>\n<p>De acuerdo a la causa penal del caso, se trata de A.H.C., E.V.L., C.V.L., G.V.L., e I.V.L., quienes el 16 de enero del 2024, llegaron a un domicilio ubicado en el barrio Laborillo perteneciente al municipio de San Pedro Pochutla, para luego confrontar a las v\u00edctimas V.L.S., y S.V.L., ante una problem\u00e1tica que ten\u00edan, llegando a las agresiones verbales, f\u00edsicas e incluso hasta las amenazas de muerte.<\/p>\n<p>Cuando la FGEO tom\u00f3 conocimiento del caso tras la denuncia formal interpuesta, inici\u00f3 las investigaciones a trav\u00e9s de la Vicefiscal\u00eda Regional de la Costa logrando llevar a todos los involucrados ante un juez para su proceso legal correspondiente.<\/p>\n<p>Tras evaluar el resultado de las indagatorias ministeriales, el Juez que atiende la causa dict\u00f3 en audiencia, vinculaci\u00f3n a proceso en contra de los cinco imputados por el delito de amenazas y allanamiento de morada, concediendo un plazo de tres meses para el cierre de investigaci\u00f3n complementaria.<\/p>\n<p>La Fiscal\u00eda General de Oaxaca, garantiza investigaciones exhaustivas para esclarecer todo tipo de delitos, aplicando las herramientas legales para castigar a quien o quienes resulten responsables.<\/p>\n<p>&nbsp;<\/p>\n","protected":false},"author":2,"featured_media":7108,"comment_status":"closed","ping_status":"closed","template":"","tags":[],"categoria_noticias":[],"class_list":["post-16302","noticias","type-noticias","status-publish","has-post-thumbnail","hentry"],"acf":[],"mb":[],"mfb_rest_fields":["title","gutenberg_elementor_mode"],"_links":{"self":[{"href":"https:\/\/portal.fgeo.gob.mx\/index.php\/wp-json\/wp\/v2\/noticias\/16302","targetHints":{"allow":["GET"]}}],"collection":[{"href":"https:\/\/portal.fgeo.gob.mx\/index.php\/wp-json\/wp\/v2\/noticias"}],"about":[{"href":"https:\/\/portal.fgeo.gob.mx\/index.php\/wp-json\/wp\/v2\/types\/noticias"}],"author":[{"embeddable":true,"href":"https:\/\/portal.fgeo.gob.mx\/index.php\/wp-json\/wp\/v2\/users\/2"}],"replies":[{"embeddable":true,"href":"https:\/\/portal.fgeo.gob.mx\/index.php\/wp-json\/wp\/v2\/comments?post=16302"}],"wp:featuredmedia":[{"embeddable":true,"href":"https:\/\/portal.fgeo.gob.mx\/index.php\/wp-json\/wp\/v2\/media\/7108"}],"wp:attachment":[{"href":"https:\/\/portal.fgeo.gob.mx\/index.php\/wp-json\/wp\/v2\/media?parent=16302"}],"wp:term":[{"taxonomy":"post_tag","embeddable":true,"href":"https:\/\/portal.fgeo.gob.mx\/index.php\/wp-json\/wp\/v2\/tags?post=16302"},{"taxonomy":"categoria_noticias","embeddable":true,"href":"https:\/\/portal.fgeo.gob.mx\/index.php\/wp-json\/wp\/v2\/categoria_noticias?post=16302"}],"curies":[{"name":"wp","href":"https:\/\/api.w.org\/{rel}","templated":true}]}}