{"id":16301,"date":"2024-09-03T11:52:31","date_gmt":"2024-09-03T17:52:31","guid":{"rendered":"https:\/\/fge.oaxaca.gob.mx\/?post_type=noticias&amp;p=7320"},"modified":"2024-09-03T11:52:31","modified_gmt":"2024-09-03T17:52:31","slug":"boletin-945-fiscalia-de-oaxaca-detiene-a-segundo-policia-municipal-de-santa-lucia-del-camino-por-homicidio-de-civil-durante-operativo-alcoholimetro","status":"publish","type":"noticias","link":"https:\/\/portal.fgeo.gob.mx\/index.php\/archivos\/noticias\/boletin-945-fiscalia-de-oaxaca-detiene-a-segundo-policia-municipal-de-santa-lucia-del-camino-por-homicidio-de-civil-durante-operativo-alcoholimetro","title":{"rendered":"BOLET\u00cdN 945.- Fiscal\u00eda de Oaxaca detiene a segundo polic\u00eda municipal de Santa Luc\u00eda del Camino por homicidio de civil durante operativo alcohol\u00edmetro"},"content":{"rendered":"<p><strong>Oaxaca de Ju\u00e1rez, Oax. 03 de septiembre de 2024.- <\/strong>\u00a0La Fiscal\u00eda General del Estado de Oaxaca (FGEO) detuvo a una persona del sexo masculino, identificada como J. J. S. C. -elemento de la polic\u00eda municipal de Santa Luc\u00eda del Camino-, acci\u00f3n que realiza como parte de los trabajos de investigaci\u00f3n ministerial para determinar su grado de responsabilidad en los hechos en que perdi\u00f3 la vida D. I. P. por disparo de arma de fuego, durante un incidente en un punto de revisi\u00f3n por el operativo alcohol\u00edmetro ocurrido en dicha poblaci\u00f3n.<\/p>\n<p>De acuerdo con los avances en la investigaci\u00f3n, durante el incidente en que la v\u00edctima perdi\u00f3 la vida, realizaron disparos de arma de fuego al menos dos polic\u00edas municipales, mismos que actualmente est\u00e1n ya detenidos.<\/p>\n<p>Ante dicha situaci\u00f3n, la Fiscal\u00eda de Oaxaca recaba las pruebas para agotar la investigaci\u00f3n conforme a los est\u00e1ndares que el caso amerita.<\/p>\n<p>En tanto que, luego de la detenci\u00f3n de J. J. S. C., fue puesto a disposici\u00f3n de la autoridad ministerial correspondiente para determinar su situaci\u00f3n jur\u00eddica.<\/p>\n<p>Hasta el momento, suman dos los elementos de la polic\u00eda municipal de Santa Luc\u00eda del Camino que han sido detenidos por su probable responsabilidad en los hechos ocurridos el 31 de agosto de 2024, en el municipio de Santa Luc\u00eda del Camino.<\/p>\n<p>La Fiscal\u00eda General del Estado de Oaxaca investiga con debida diligencia aplicando la perspectiva de derechos humanos y victimol\u00f3gica el posible uso ilegal de la fuerza p\u00fablica por parte de las autoridades municipales, para sentar un precedente respecto a la implementaci\u00f3n de protocolos de investigaci\u00f3n en este tipo de casos.<\/p>\n<p>Pues es prioritario garantizar a las v\u00edctimas directas e indirectas un adecuado proceso de procuraci\u00f3n de justicia con el objetivo de garantizar su derecho a la verdad y la reparaci\u00f3n, adem\u00e1s que las acciones buscan garantizar la paz social y reconstruir el tejido social por lo que se act\u00faa con apego a derecho y dentro de lo establecido por el \u00e1mbito del derecho penal para esclarecer el sentido de las conductas penalmente relevantes.<\/p>\n<p><img fetchpriority=\"high\" decoding=\"async\" class=\"alignnone size-medium wp-image-7321\" src=\"https:\/\/portal.fgeo.gob.mx\/wp-content\/uploads\/2024\/09\/F1-236x300.jpeg\" alt=\"\" width=\"236\" height=\"300\" \/><\/p>\n","protected":false},"author":2,"featured_media":7108,"comment_status":"closed","ping_status":"closed","template":"","tags":[],"categoria_noticias":[],"class_list":["post-16301","noticias","type-noticias","status-publish","has-post-thumbnail","hentry"],"acf":[],"mb":[],"mfb_rest_fields":["title","gutenberg_elementor_mode"],"_links":{"self":[{"href":"https:\/\/portal.fgeo.gob.mx\/index.php\/wp-json\/wp\/v2\/noticias\/16301","targetHints":{"allow":["GET"]}}],"collection":[{"href":"https:\/\/portal.fgeo.gob.mx\/index.php\/wp-json\/wp\/v2\/noticias"}],"about":[{"href":"https:\/\/portal.fgeo.gob.mx\/index.php\/wp-json\/wp\/v2\/types\/noticias"}],"author":[{"embeddable":true,"href":"https:\/\/portal.fgeo.gob.mx\/index.php\/wp-json\/wp\/v2\/users\/2"}],"replies":[{"embeddable":true,"href":"https:\/\/portal.fgeo.gob.mx\/index.php\/wp-json\/wp\/v2\/comments?post=16301"}],"wp:featuredmedia":[{"embeddable":true,"href":"https:\/\/portal.fgeo.gob.mx\/index.php\/wp-json\/wp\/v2\/media\/7108"}],"wp:attachment":[{"href":"https:\/\/portal.fgeo.gob.mx\/index.php\/wp-json\/wp\/v2\/media?parent=16301"}],"wp:term":[{"taxonomy":"post_tag","embeddable":true,"href":"https:\/\/portal.fgeo.gob.mx\/index.php\/wp-json\/wp\/v2\/tags?post=16301"},{"taxonomy":"categoria_noticias","embeddable":true,"href":"https:\/\/portal.fgeo.gob.mx\/index.php\/wp-json\/wp\/v2\/categoria_noticias?post=16301"}],"curies":[{"name":"wp","href":"https:\/\/api.w.org\/{rel}","templated":true}]}}