{"id":16296,"date":"2024-08-30T16:12:35","date_gmt":"2024-08-30T22:12:35","guid":{"rendered":"https:\/\/fge.oaxaca.gob.mx\/?post_type=noticias&amp;p=7298"},"modified":"2024-08-30T16:12:35","modified_gmt":"2024-08-30T22:12:35","slug":"boletin-940-fiscalia-de-oaxaca-ejecuta-orden-de-aprehension-contra-dos-personas-por-el-delito-de-violacion-ocurrido-en-la-sierra-mixe","status":"publish","type":"noticias","link":"https:\/\/portal.fgeo.gob.mx\/index.php\/archivos\/noticias\/boletin-940-fiscalia-de-oaxaca-ejecuta-orden-de-aprehension-contra-dos-personas-por-el-delito-de-violacion-ocurrido-en-la-sierra-mixe","title":{"rendered":"BOLET\u00cdN 940.-  Fiscal\u00eda de Oaxaca ejecuta orden de aprehensi\u00f3n contra dos personas por el delito de violaci\u00f3n ocurrido en la Sierra Mixe"},"content":{"rendered":"<p style=\"text-align: justify\"><b><span style=\"font-size: 14.0pt;font-family: 'Arial',sans-serif\">Oaxaca de Ju\u00e1rez, Oax. 30 agosto de 2024.-<\/span><\/b><span style=\"font-size: 14.0pt;font-family: 'Arial',sans-serif\"> La Fiscal\u00eda General del Estado de Oaxaca (FGEO) ejecut\u00f3 una orden de aprehensi\u00f3n en contra de dos personas del sexo masculino identificadas como R.L.R., y G.O.R., por el delito de Violaci\u00f3n Tumultuaria, hechos cometidos en el municipio de Santiago Atitl\u00e1n, en la Sierra Mixe.<\/span><\/p>\n<p style=\"text-align: justify\"><span style=\"font-size: 14.0pt;font-family: 'Arial',sans-serif\">De acuerdo con la denuncia asentada en el expediente penal del caso, el 21 de agosto de 2024, la v\u00edctima (cuya identidad est\u00e1 reservada por ley) se encontraba en el paraje Rancho Encinal, ubicado en Santiago Atitl\u00e1n, sitio a donde arribaron los agresores, quienes la atacaron de manera verbal, f\u00edsica y sexual. <\/span><\/p>\n<p style=\"text-align: justify\"><span style=\"font-size: 14.0pt;font-family: 'Arial',sans-serif\">Una vez que la Fiscal\u00eda General del Estado de Oaxaca tuvo conocimiento del caso, realiz\u00f3 las indagatorias correspondientes a trav\u00e9s de la Vicefiscal\u00eda de Valles Centrales, logrando obtener una orden de aprehensi\u00f3n en contra de R.L.R., y G.O.R., la cual fue ejecutada por Agentes Estatales de Investigaci\u00f3n el 29 de agosto de 2024. <\/span><\/p>\n<p style=\"text-align: justify\"><span style=\"font-size: 14.0pt;font-family: 'Arial',sans-serif\">Como resultado de la primera audiencia, el Juez de control calific\u00f3 como legal la detenci\u00f3n y comunic\u00f3 la imputaci\u00f3n de los hechos que se les atribuyen R.L.R., y G.O.R., quedando pendiente la audiencia de vinculaci\u00f3n a proceso.<\/span><\/p>\n<p style=\"text-align: justify\"><span style=\"font-size: 14.0pt;font-family: 'Arial',sans-serif\">La Fiscal\u00eda de Oaxaca est\u00e1 comprometida con dar celeridad a las investigaciones relacionadas con delitos cometidos en contra de ni\u00f1as, ni\u00f1os, adolescente y mujeres por ello, realiza los trabajos a trav\u00e9s de equipos multidisciplinarios que permitan fortalecer las l\u00edneas de investigaci\u00f3n y con ello brindar certeza a los procesos de procuraci\u00f3n de justicia.<\/span><\/p>\n<p><img fetchpriority=\"high\" decoding=\"async\" class=\"size-medium wp-image-7299\" src=\"https:\/\/portal.fgeo.gob.mx\/wp-content\/uploads\/2024\/08\/2-300x272.jpg\" alt=\"\" width=\"300\" height=\"272\" \/><\/p>\n<p><img decoding=\"async\" class=\"size-medium wp-image-7300\" src=\"https:\/\/portal.fgeo.gob.mx\/wp-content\/uploads\/2024\/08\/1-300x269.jpg\" alt=\"\" width=\"300\" height=\"269\" \/><\/p>\n","protected":false},"author":2,"featured_media":7108,"comment_status":"closed","ping_status":"closed","template":"","tags":[],"categoria_noticias":[],"class_list":["post-16296","noticias","type-noticias","status-publish","has-post-thumbnail","hentry"],"acf":[],"mb":[],"mfb_rest_fields":["title","gutenberg_elementor_mode"],"_links":{"self":[{"href":"https:\/\/portal.fgeo.gob.mx\/index.php\/wp-json\/wp\/v2\/noticias\/16296","targetHints":{"allow":["GET"]}}],"collection":[{"href":"https:\/\/portal.fgeo.gob.mx\/index.php\/wp-json\/wp\/v2\/noticias"}],"about":[{"href":"https:\/\/portal.fgeo.gob.mx\/index.php\/wp-json\/wp\/v2\/types\/noticias"}],"author":[{"embeddable":true,"href":"https:\/\/portal.fgeo.gob.mx\/index.php\/wp-json\/wp\/v2\/users\/2"}],"replies":[{"embeddable":true,"href":"https:\/\/portal.fgeo.gob.mx\/index.php\/wp-json\/wp\/v2\/comments?post=16296"}],"wp:featuredmedia":[{"embeddable":true,"href":"https:\/\/portal.fgeo.gob.mx\/index.php\/wp-json\/wp\/v2\/media\/7108"}],"wp:attachment":[{"href":"https:\/\/portal.fgeo.gob.mx\/index.php\/wp-json\/wp\/v2\/media?parent=16296"}],"wp:term":[{"taxonomy":"post_tag","embeddable":true,"href":"https:\/\/portal.fgeo.gob.mx\/index.php\/wp-json\/wp\/v2\/tags?post=16296"},{"taxonomy":"categoria_noticias","embeddable":true,"href":"https:\/\/portal.fgeo.gob.mx\/index.php\/wp-json\/wp\/v2\/categoria_noticias?post=16296"}],"curies":[{"name":"wp","href":"https:\/\/api.w.org\/{rel}","templated":true}]}}