{"id":16295,"date":"2024-08-30T11:30:17","date_gmt":"2024-08-30T17:30:17","guid":{"rendered":"https:\/\/fge.oaxaca.gob.mx\/?post_type=noticias&amp;p=7283"},"modified":"2024-08-30T11:30:17","modified_gmt":"2024-08-30T17:30:17","slug":"boletin-939-fgeo-realiza-jornada-del-programa-de-proximidad-social-fiscalia-en-tu-comunidad-en-el-municipio-de-san-miguel-peras","status":"publish","type":"noticias","link":"https:\/\/portal.fgeo.gob.mx\/index.php\/archivos\/noticias\/boletin-939-fgeo-realiza-jornada-del-programa-de-proximidad-social-fiscalia-en-tu-comunidad-en-el-municipio-de-san-miguel-peras","title":{"rendered":"BOLET\u00cdN 939.- FGEO realiza jornada del programa de proximidad social \u201cFiscal\u00eda en tu Comunidad\u201d en el municipio de San Miguel Peras"},"content":{"rendered":"<p style=\"text-align: justify\" align=\"center\"><b><span style=\"font-size: 14.0pt;font-family: 'Arial',sans-serif\">Oaxaca de Ju\u00e1rez, Oax. 30 agosto de 2024.-<\/span><\/b><span style=\"font-size: 14.0pt;font-family: 'Arial',sans-serif\"> Durante la jornada del programa \u201cFiscal\u00eda en tu comunidad\u201d, realizada en el municipio de San Miguel Peras, el Fiscal General del Estado, Bernardo Rodr\u00edguez Alamilla, dijo que estas acciones estrat\u00e9gicas permiten a la Instituci\u00f3n procuradora de justicia tener un acercamiento constante y directo con la ciudadan\u00eda para atender las problem\u00e1ticas particulares de cada poblaci\u00f3n en materia de justicia.<\/span><\/p>\n<p style=\"text-align: justify\" align=\"center\"><img fetchpriority=\"high\" decoding=\"async\" class=\"alignnone size-medium wp-image-7284\" src=\"https:\/\/portal.fgeo.gob.mx\/wp-content\/uploads\/2024\/08\/WhatsApp-Image-2024-08-28-at-13.40.17-3-300x200.jpeg\" alt=\"\" width=\"300\" height=\"200\" \/><\/p>\n<p style=\"text-align: justify\"><span style=\"font-size: 14.0pt;font-family: 'Arial',sans-serif\">Acompa\u00f1ado en la ceremonia de clausura por el presidente municipal de San Miguel Peras, Fernando Santiago Revilla; el regidor de seguridad de esa comunidad, Fernando Garc\u00eda Ru\u00edz; el encargado del Despacho de la Vicefiscal\u00eda Regional de Valles Centrales de la FGEO, Samuel Jim\u00e9nez Acevedo; el Fiscal Bernardo Rodr\u00edguez Alamilla sostuvo que, para hacer frente a las diferentes modalidades del fen\u00f3meno delictivo se requiere de una constante capacitaci\u00f3n y con ello, generar las condiciones necesarias para prevenir el delito, es decir, \u201cevitar que este suceda\u201d. <\/span><\/p>\n<p style=\"text-align: justify\"><span style=\"font-size: 14.0pt;font-family: 'Arial',sans-serif\">Agreg\u00f3 que, la capacitaci\u00f3n permanente a trav\u00e9s de procesos formativos, permite a las y los servidores p\u00fablicos de los cuerpos policiales estar al d\u00eda en materia de seguridad y justicia, y con ello, combatir la incidencia de los delitos m\u00e1s recurrentes en la entidad como lo son: violencia familiar, gota a gota y extorsi\u00f3n telef\u00f3nica.<\/span><\/p>\n<p style=\"text-align: justify\"><span style=\"font-size: 14.0pt;font-family: 'Arial',sans-serif\">Adem\u00e1s, reconoci\u00f3 el papel fundamental que realizan las polic\u00edas municipales, pues son ellas y ellos quienes tienen el primer contacto con la ciudadan\u00eda, por lo que reiter\u00f3 la importancia de brindarles herramientas que les permitan saber qu\u00e9 hacer y qu\u00e9 no hacer ante una determinada situaci\u00f3n y brindar seguridad y justicia a su comunidad.<\/span><\/p>\n<p style=\"text-align: justify\"><img decoding=\"async\" class=\"alignnone size-medium wp-image-7285\" src=\"https:\/\/portal.fgeo.gob.mx\/wp-content\/uploads\/2024\/08\/WhatsApp-Image-2024-08-28-at-13.40.17-5-300x200.jpeg\" alt=\"\" width=\"300\" height=\"200\" \/> <img decoding=\"async\" class=\"alignnone size-medium wp-image-7286\" src=\"https:\/\/portal.fgeo.gob.mx\/wp-content\/uploads\/2024\/08\/WhatsApp-Image-2024-08-28-at-13.40.17-2-300x200.jpeg\" alt=\"\" width=\"300\" height=\"200\" \/><\/p>\n<p style=\"text-align: justify\"><span style=\"font-size: 14.0pt;font-family: 'Arial',sans-serif\">En este contexto, el Fiscal Rodr\u00edguez Alamilla invit\u00f3 a las autoridades municipales y a la poblaci\u00f3n a que, cuando exista alguna duda o hayan sido v\u00edctimas de alg\u00fan delito, tengan la plena confianza de dirigirse a la Instituci\u00f3n procuradora de justicia para recibir una atenci\u00f3n con perfil victimol\u00f3gico para que, adem\u00e1s, reciban una atenci\u00f3n integral.<\/span><\/p>\n<p style=\"text-align: justify\"><span style=\"font-size: 14.0pt;font-family: 'Arial',sans-serif\">En su oportunidad, el presidente municipal del municipio de San Miguel Peras, Fernando Santiago Revilla, agradeci\u00f3 la disposici\u00f3n de la Fiscal\u00eda General de Oaxaca y personal de la Instituci\u00f3n, para llevar a esa comunidad, perteneciente a la regi\u00f3n de los Valles Centrales, servicios en materia de prevenci\u00f3n, detecci\u00f3n y atenci\u00f3n del delito.<\/span><\/p>\n<p style=\"text-align: justify\"><span style=\"font-size: 14.0pt;font-family: 'Arial',sans-serif\">Durante las actividades del programa \u201cFiscal\u00eda en tu comunidad\u201d en este municipio, se brindaron los talleres \u201cEl Sistema de Justicia para Adolescentes\u201d, \u201cPrimer Respondiente\u201d, \u201cDelito Gota a Gota\u201d, \u201cFormas de extorsi\u00f3n\u201d, \u201cViolencia de g\u00e9nero\u201d, \u201cViolencia familiar y conociendo el CEJUM y sus servicios, adem\u00e1s del servicio de Ludoteca para las ni\u00f1as y ni\u00f1os de la comunidad.<\/span><\/p>\n<p style=\"margin: 0cm;text-align: justify\"><span style=\"font-size: 14.0pt;font-family: 'Arial',sans-serif\">La actividad cont\u00f3 tambi\u00e9n con la presencia de la regidora de Educaci\u00f3n, Sara Ram\u00edrez Garc\u00eda, integrantes del cabildo municipal, as\u00ed como de elementos de la polic\u00eda municipal e integrantes de las Agencias que conforman el municipio de San Miguel Peras.<\/span><\/p>\n<p style=\"margin: 0cm;text-align: justify\"><img loading=\"lazy\" decoding=\"async\" class=\"alignnone size-medium wp-image-7287\" src=\"https:\/\/portal.fgeo.gob.mx\/wp-content\/uploads\/2024\/08\/WhatsApp-Image-2024-08-28-at-13.40.17-6-300x200.jpeg\" alt=\"\" width=\"300\" height=\"200\" \/> <img loading=\"lazy\" decoding=\"async\" class=\"alignnone size-medium wp-image-7288\" src=\"https:\/\/portal.fgeo.gob.mx\/wp-content\/uploads\/2024\/08\/WhatsApp-Image-2024-08-28-at-13.40.17-3-1-300x200.jpeg\" alt=\"\" width=\"300\" height=\"200\" \/> <img loading=\"lazy\" decoding=\"async\" class=\"alignnone size-medium wp-image-7289\" src=\"https:\/\/portal.fgeo.gob.mx\/wp-content\/uploads\/2024\/08\/WhatsApp-Image-2024-08-28-at-13.40.17-1-300x187.jpeg\" alt=\"\" width=\"300\" height=\"187\" \/> <img loading=\"lazy\" decoding=\"async\" class=\"alignnone size-medium wp-image-7290\" src=\"https:\/\/portal.fgeo.gob.mx\/wp-content\/uploads\/2024\/08\/WhatsApp-Image-2024-08-28-at-13.40.17-300x200.jpeg\" alt=\"\" width=\"300\" height=\"200\" \/> <img loading=\"lazy\" decoding=\"async\" class=\"alignnone size-medium wp-image-7291\" src=\"https:\/\/portal.fgeo.gob.mx\/wp-content\/uploads\/2024\/08\/WhatsApp-Image-2024-08-28-at-13.40.16-6-300x200.jpeg\" alt=\"\" width=\"300\" height=\"200\" \/> <img loading=\"lazy\" decoding=\"async\" class=\"alignnone size-medium wp-image-7292\" src=\"https:\/\/portal.fgeo.gob.mx\/wp-content\/uploads\/2024\/08\/WhatsApp-Image-2024-08-28-at-13.40.16-5-300x200.jpeg\" alt=\"\" width=\"300\" height=\"200\" \/> <img loading=\"lazy\" decoding=\"async\" class=\"alignnone size-medium wp-image-7293\" src=\"https:\/\/portal.fgeo.gob.mx\/wp-content\/uploads\/2024\/08\/WhatsApp-Image-2024-08-28-at-13.40.16-4-300x214.jpeg\" alt=\"\" width=\"300\" height=\"214\" \/> <img loading=\"lazy\" decoding=\"async\" class=\"alignnone size-medium wp-image-7294\" src=\"https:\/\/portal.fgeo.gob.mx\/wp-content\/uploads\/2024\/08\/WhatsApp-Image-2024-08-28-at-13.40.16-3-300x200.jpeg\" alt=\"\" width=\"300\" height=\"200\" \/> <img loading=\"lazy\" decoding=\"async\" class=\"alignnone size-medium wp-image-7295\" src=\"https:\/\/portal.fgeo.gob.mx\/wp-content\/uploads\/2024\/08\/WhatsApp-Image-2024-08-28-at-13.40.16-2-300x200.jpeg\" alt=\"\" width=\"300\" height=\"200\" \/> <img loading=\"lazy\" decoding=\"async\" class=\"alignnone size-medium wp-image-7296\" src=\"https:\/\/portal.fgeo.gob.mx\/wp-content\/uploads\/2024\/08\/WhatsApp-Image-2024-08-28-at-13.40.16-1-300x200.jpeg\" alt=\"\" width=\"300\" height=\"200\" \/> <img loading=\"lazy\" decoding=\"async\" class=\"alignnone size-medium wp-image-7297\" src=\"https:\/\/portal.fgeo.gob.mx\/wp-content\/uploads\/2024\/08\/WhatsApp-Image-2024-08-28-at-13.40.16-300x215.jpeg\" alt=\"\" width=\"300\" height=\"215\" \/><\/p>\n","protected":false},"author":2,"featured_media":7108,"comment_status":"closed","ping_status":"closed","template":"","tags":[],"categoria_noticias":[],"class_list":["post-16295","noticias","type-noticias","status-publish","has-post-thumbnail","hentry"],"acf":[],"mb":[],"mfb_rest_fields":["title","gutenberg_elementor_mode"],"_links":{"self":[{"href":"https:\/\/portal.fgeo.gob.mx\/index.php\/wp-json\/wp\/v2\/noticias\/16295","targetHints":{"allow":["GET"]}}],"collection":[{"href":"https:\/\/portal.fgeo.gob.mx\/index.php\/wp-json\/wp\/v2\/noticias"}],"about":[{"href":"https:\/\/portal.fgeo.gob.mx\/index.php\/wp-json\/wp\/v2\/types\/noticias"}],"author":[{"embeddable":true,"href":"https:\/\/portal.fgeo.gob.mx\/index.php\/wp-json\/wp\/v2\/users\/2"}],"replies":[{"embeddable":true,"href":"https:\/\/portal.fgeo.gob.mx\/index.php\/wp-json\/wp\/v2\/comments?post=16295"}],"wp:featuredmedia":[{"embeddable":true,"href":"https:\/\/portal.fgeo.gob.mx\/index.php\/wp-json\/wp\/v2\/media\/7108"}],"wp:attachment":[{"href":"https:\/\/portal.fgeo.gob.mx\/index.php\/wp-json\/wp\/v2\/media?parent=16295"}],"wp:term":[{"taxonomy":"post_tag","embeddable":true,"href":"https:\/\/portal.fgeo.gob.mx\/index.php\/wp-json\/wp\/v2\/tags?post=16295"},{"taxonomy":"categoria_noticias","embeddable":true,"href":"https:\/\/portal.fgeo.gob.mx\/index.php\/wp-json\/wp\/v2\/categoria_noticias?post=16295"}],"curies":[{"name":"wp","href":"https:\/\/api.w.org\/{rel}","templated":true}]}}