{"id":16292,"date":"2024-08-29T11:30:36","date_gmt":"2024-08-29T17:30:36","guid":{"rendered":"https:\/\/fge.oaxaca.gob.mx\/?post_type=noticias&amp;p=7270"},"modified":"2024-08-29T11:30:36","modified_gmt":"2024-08-29T17:30:36","slug":"boletin-936-fiscalia-de-oaxaca-detiene-a-una-persona-por-crueldad-animal-luego-de-difusion-de-fotos-en-que-se-observa-probable-agresion-sexual-contra-un-perro","status":"publish","type":"noticias","link":"https:\/\/portal.fgeo.gob.mx\/index.php\/archivos\/noticias\/boletin-936-fiscalia-de-oaxaca-detiene-a-una-persona-por-crueldad-animal-luego-de-difusion-de-fotos-en-que-se-observa-probable-agresion-sexual-contra-un-perro","title":{"rendered":"BOLET\u00cdN 936.- Fiscal\u00eda de Oaxaca detiene a una persona por crueldad animal, luego de difusi\u00f3n de fotos en que se observa probable agresi\u00f3n sexual contra un perro"},"content":{"rendered":"<p><strong>Oaxaca de Ju\u00e1rez, Oax. 29 agosto de 2024.-<\/strong> La Fiscal\u00eda General del Estado de Oaxaca (FGEO) realiz\u00f3 la detenci\u00f3n de una persona del sexo masculino, identificada por las iniciales S. G. V., como parte del proceso de investigaci\u00f3n por el delito de Crueldad Animal, cometida en la regi\u00f3n de los Valles Centrales.<\/p>\n<p>A partir de la noticia criminal que circul\u00f3 en rede sociales, en la que se mostraban fotograf\u00edas de una persona del sexo masculino que realizaba conductas de car\u00e1cter aparentemente sexual con un perro.<\/p>\n<p>Las investigaciones se iniciaron de oficio a trav\u00e9s de la Unidad Operativa Especializada contra la Crueldad Animal, perteneciente a la Vicefiscal\u00eda Regional de los Valles Centrales, logrando la localizaci\u00f3n del imputado que fue detenido e inmediatamente despu\u00e9s fue puesto a disposici\u00f3n de la autoridad ministerial correspondiente.<\/p>\n<p>La Fiscal\u00eda de Oaxaca cuenta con diferentes \u00e1reas especializadas para la atenci\u00f3n de las diversas problem\u00e1ticas, en cuanto a procuraci\u00f3n de justicia, que presentan las usuarias y usuarios, las cuales trabajan para que las v\u00edctimas tengan acceso pleno e integral a la justicia, por medio de los mecanismos legales pertinentes.<\/p>\n<p><img fetchpriority=\"high\" decoding=\"async\" class=\"size-medium wp-image-7272\" src=\"https:\/\/portal.fgeo.gob.mx\/wp-content\/uploads\/2024\/08\/936-1-300x286.jpg\" alt=\"\" width=\"300\" height=\"286\" \/><\/p>\n","protected":false},"author":2,"featured_media":7108,"comment_status":"closed","ping_status":"closed","template":"","tags":[],"categoria_noticias":[],"class_list":["post-16292","noticias","type-noticias","status-publish","has-post-thumbnail","hentry"],"acf":[],"mb":[],"mfb_rest_fields":["title","gutenberg_elementor_mode"],"_links":{"self":[{"href":"https:\/\/portal.fgeo.gob.mx\/index.php\/wp-json\/wp\/v2\/noticias\/16292","targetHints":{"allow":["GET"]}}],"collection":[{"href":"https:\/\/portal.fgeo.gob.mx\/index.php\/wp-json\/wp\/v2\/noticias"}],"about":[{"href":"https:\/\/portal.fgeo.gob.mx\/index.php\/wp-json\/wp\/v2\/types\/noticias"}],"author":[{"embeddable":true,"href":"https:\/\/portal.fgeo.gob.mx\/index.php\/wp-json\/wp\/v2\/users\/2"}],"replies":[{"embeddable":true,"href":"https:\/\/portal.fgeo.gob.mx\/index.php\/wp-json\/wp\/v2\/comments?post=16292"}],"wp:featuredmedia":[{"embeddable":true,"href":"https:\/\/portal.fgeo.gob.mx\/index.php\/wp-json\/wp\/v2\/media\/7108"}],"wp:attachment":[{"href":"https:\/\/portal.fgeo.gob.mx\/index.php\/wp-json\/wp\/v2\/media?parent=16292"}],"wp:term":[{"taxonomy":"post_tag","embeddable":true,"href":"https:\/\/portal.fgeo.gob.mx\/index.php\/wp-json\/wp\/v2\/tags?post=16292"},{"taxonomy":"categoria_noticias","embeddable":true,"href":"https:\/\/portal.fgeo.gob.mx\/index.php\/wp-json\/wp\/v2\/categoria_noticias?post=16292"}],"curies":[{"name":"wp","href":"https:\/\/api.w.org\/{rel}","templated":true}]}}