{"id":16291,"date":"2024-08-29T09:59:07","date_gmt":"2024-08-29T15:59:07","guid":{"rendered":"https:\/\/fge.oaxaca.gob.mx\/?post_type=noticias&amp;p=7261"},"modified":"2024-08-29T09:59:07","modified_gmt":"2024-08-29T15:59:07","slug":"boletin-935-participan-28-municipios-en-primer-encuentro-de-sindicas-y-sindicos-en-favor-de-la-procuracion-de-justicia-organizado-por-la-fiscalia-de-oaxaca","status":"publish","type":"noticias","link":"https:\/\/portal.fgeo.gob.mx\/index.php\/archivos\/noticias\/boletin-935-participan-28-municipios-en-primer-encuentro-de-sindicas-y-sindicos-en-favor-de-la-procuracion-de-justicia-organizado-por-la-fiscalia-de-oaxaca","title":{"rendered":"Bolet\u00edn 935.- Participan 28 municipios en primer encuentro de S\u00edndicas y S\u00edndicos en favor de la procuraci\u00f3n de justicia, organizado por la Fiscal\u00eda de Oaxaca"},"content":{"rendered":"<p><strong>Oaxaca de Ju\u00e1rez, Oax. 29 agosto de 2024.-<\/strong> Al participar en el \u201cPrimer Encuentro de S\u00edndicas y S\u00edndicos municipales en favor de la procuraci\u00f3n de justicia\u201d, al que acudieron autoridades de 28 municipios, el Fiscal General del Estado, Bernardo Rodr\u00edguez Alamilla, resalt\u00f3 la importancia de establecer estrategias de colaboraci\u00f3n interinstitucional con los Ayuntamientos, ya que son un eje prioritarios dentro del trabajo transversal para la construcci\u00f3n de procesos de procuraci\u00f3n de justicia adecuados y eficientes para la ciudadan\u00eda.<\/p>\n<p>Durante el acto protocolario estuvieron presentes la directora general del Sistema para el Desarrollo Integral de la Familia en Oaxaca, Maribel Graciela Salinas Velasco; la s\u00edndica municipal de Tlacolula de Matamoros Floriberta L\u00f3pez Luis; la coordinadora del Centro Estatal de Atenci\u00f3n Integral a Mujeres en Situaci\u00f3n de Violencia de G\u00e9nero de la Secretar\u00eda de las Mujeres, Ivette P\u00e9rez Velasco; ante quienes el Fiscal General Bernardo Rodr\u00edguez expuso que\u00a0 la FGEO busca construir redes de apoyo que permitan realizar acciones contundentes en materia de atenci\u00f3n y prevenci\u00f3n del delito en los municipios de la entidad.<\/p>\n<p>A\u00f1adi\u00f3 que, a trav\u00e9s del \u201cPrimer Encuentro de S\u00edndicas y S\u00edndicos Municipales a favor de la procuraci\u00f3n de justicia\u201d, la Fiscal\u00eda de Oaxaca construye una red de alianzas que le permitan atender en forma espec\u00edfica el fen\u00f3meno delictivo de las comunidades, pues las s\u00edndicas y s\u00edndicos son el primer contacto con la ciudadan\u00eda, adem\u00e1s son quienes mejor conocen cuales son las principales problem\u00e1ticas de los municipios respecto al fen\u00f3meno delictivo, por ello, a trav\u00e9s del intercambio de experiencias se construyen intervenciones integrales que responden al contexto de las poblaciones.<\/p>\n<p>En el evento, tambi\u00e9n estuvieron presentes la juez de Ejecuci\u00f3n Penal de la sede Tanivet, Carmen L\u00f3pez Lena Carrasco; el secretario t\u00e9cnico regional de la Mesa de Construcci\u00f3n de Paz y Seguridad, Hegor Manuel Mart\u00ednez L\u00f3pez; y la procuradora Estatal de Protecci\u00f3n de los Derechos de Ni\u00f1as, Ni\u00f1os y Adolescentes, Yarib Hern\u00e1ndez Garc\u00eda, as\u00ed como s\u00edndicas y s\u00edndicos de 28 municipios.<\/p>\n<p><img fetchpriority=\"high\" decoding=\"async\" class=\"alignnone size-medium wp-image-7263\" src=\"https:\/\/portal.fgeo.gob.mx\/wp-content\/uploads\/2024\/08\/WhatsApp-Image-2024-08-29-at-09.48.30-3-300x200.jpeg\" alt=\"\" width=\"300\" height=\"200\" \/> <img decoding=\"async\" class=\"alignnone size-medium wp-image-7266\" src=\"https:\/\/portal.fgeo.gob.mx\/wp-content\/uploads\/2024\/08\/WhatsApp-Image-2024-08-29-at-09.48.30-300x200.jpeg\" alt=\"\" width=\"300\" height=\"200\" \/> <img decoding=\"async\" class=\"alignnone size-medium wp-image-7267\" src=\"https:\/\/portal.fgeo.gob.mx\/wp-content\/uploads\/2024\/08\/WhatsApp-Image-2024-08-29-at-09.48.29-1-300x200.jpeg\" alt=\"\" width=\"300\" height=\"200\" \/><\/p>\n<p>El Fiscal de Oaxaca, Bernardo Rodr\u00edguez, dijo que el encuentro y acciones similares buscan fortalecer las capacidades de las sindicaturas, as\u00ed como de las y los elementos de las polic\u00edas municipales, brind\u00e1ndoles herramientas en materia de g\u00e9nero y prevenci\u00f3n del delito en j\u00f3venes, ni\u00f1as y ni\u00f1os, as\u00ed como informaci\u00f3n respecto a los delitos m\u00e1s recurrentes.<\/p>\n<p>Mientras que, al intervenir la directora general del Sistema para el Desarrollo Integral de la Familia en Oaxaca, Maribel Graciela Salinas Velasco, se\u00f1al\u00f3 que este tipo de acciones permite fortalecer a las autoridades municipales, pero especialmente a s\u00edndicas y s\u00edndicos, quienes son los representantes legales de las comunidades y su capacitaci\u00f3n debe ser un tema prioritario.<\/p>\n<p>Por su parte, la s\u00edndica municipal de Tlacolula de Matamoros, Floriberta L\u00f3pez Luis, expreso que para las comunidades, recibir capacitaci\u00f3n en materia de atenci\u00f3n y prevenci\u00f3n del delito es de gran ayuda, pues contribuye a mejorar el desempe\u00f1o de sus funciones y entregar mejores resultados a las comunidades.<\/p>\n<p>Durante este el \u201cPrimer Encuentro de S\u00edndicas y S\u00edndicos municipales en favor de la procuraci\u00f3n de justicia\u201d, participaron las autoridades de los municipios de Santa Cruz Papalutla, Santa Ana del Valle, San Pedro Quiatoni, San Juan del R\u00edo, San Lucas Quiatoni, Santa Mar\u00eda Guelace, Rojas de Cuauht\u00e9moc, San Juan Teitipac, San Sebasti\u00e1n Abasolo, San Juan Guelav\u00eda, Santa Mar\u00eda Tlahuiltoltepec, Teotitl\u00e1n del Valle, San Juan Comaltepec, Santiago Zacatepec, San Bartolom\u00e9 Quialana, Tamazul\u00e1pam del Esp\u00edritu Santo, San Miguel Quetzaltepec, San Pedro y San Pablo Ayutla, San Lorenzo Albarradas, Santiago Ixcuintepec, Tlacochahuaya, Santo Domingo Tepuxtepec, Santiago Matatl\u00e1n, San Juan Juquila Mixe, San Sebasti\u00e1n Teitipac, San Pedro Totolapan y Villa de D\u00edaz Ordaz.<\/p>\n<p>Este encuentro convocado por la Fiscal\u00eda General del Estado de Oaxaca, es un espacio en el que se brindan procesos formativos, adem\u00e1s se intercambia informaci\u00f3n y experiencias que ayuden a construir instruir acciones integrales que den respuesta al fen\u00f3meno delictivo de las comunidades.<\/p>\n<p><img loading=\"lazy\" decoding=\"async\" class=\"alignnone size-medium wp-image-7262\" src=\"https:\/\/portal.fgeo.gob.mx\/wp-content\/uploads\/2024\/08\/WhatsApp-Image-2024-08-29-at-09.48.30-4-300x200.jpeg\" alt=\"\" width=\"300\" height=\"200\" \/> <img loading=\"lazy\" decoding=\"async\" class=\"alignnone size-medium wp-image-7265\" src=\"https:\/\/portal.fgeo.gob.mx\/wp-content\/uploads\/2024\/08\/WhatsApp-Image-2024-08-29-at-09.48.30-1-300x200.jpeg\" alt=\"\" width=\"300\" height=\"200\" \/> <img loading=\"lazy\" decoding=\"async\" class=\"alignnone size-medium wp-image-7264\" src=\"https:\/\/portal.fgeo.gob.mx\/wp-content\/uploads\/2024\/08\/WhatsApp-Image-2024-08-29-at-09.48.30-2-300x200.jpeg\" alt=\"\" width=\"300\" height=\"200\" \/><\/p>\n","protected":false},"author":2,"featured_media":7108,"comment_status":"closed","ping_status":"closed","template":"","tags":[],"categoria_noticias":[],"class_list":["post-16291","noticias","type-noticias","status-publish","has-post-thumbnail","hentry"],"acf":[],"mb":[],"mfb_rest_fields":["title","gutenberg_elementor_mode"],"_links":{"self":[{"href":"https:\/\/portal.fgeo.gob.mx\/index.php\/wp-json\/wp\/v2\/noticias\/16291","targetHints":{"allow":["GET"]}}],"collection":[{"href":"https:\/\/portal.fgeo.gob.mx\/index.php\/wp-json\/wp\/v2\/noticias"}],"about":[{"href":"https:\/\/portal.fgeo.gob.mx\/index.php\/wp-json\/wp\/v2\/types\/noticias"}],"author":[{"embeddable":true,"href":"https:\/\/portal.fgeo.gob.mx\/index.php\/wp-json\/wp\/v2\/users\/2"}],"replies":[{"embeddable":true,"href":"https:\/\/portal.fgeo.gob.mx\/index.php\/wp-json\/wp\/v2\/comments?post=16291"}],"wp:featuredmedia":[{"embeddable":true,"href":"https:\/\/portal.fgeo.gob.mx\/index.php\/wp-json\/wp\/v2\/media\/7108"}],"wp:attachment":[{"href":"https:\/\/portal.fgeo.gob.mx\/index.php\/wp-json\/wp\/v2\/media?parent=16291"}],"wp:term":[{"taxonomy":"post_tag","embeddable":true,"href":"https:\/\/portal.fgeo.gob.mx\/index.php\/wp-json\/wp\/v2\/tags?post=16291"},{"taxonomy":"categoria_noticias","embeddable":true,"href":"https:\/\/portal.fgeo.gob.mx\/index.php\/wp-json\/wp\/v2\/categoria_noticias?post=16291"}],"curies":[{"name":"wp","href":"https:\/\/api.w.org\/{rel}","templated":true}]}}