{"id":16289,"date":"2024-08-28T14:04:35","date_gmt":"2024-08-28T20:04:35","guid":{"rendered":"https:\/\/fge.oaxaca.gob.mx\/?post_type=noticias&amp;p=7253"},"modified":"2024-08-28T14:04:35","modified_gmt":"2024-08-28T20:04:35","slug":"boletin-933-ejecuta-fgeo-orden-de-aprehension-por-abuso-sexual-infantil-cometido-en-la-region-del-istmo","status":"publish","type":"noticias","link":"https:\/\/portal.fgeo.gob.mx\/index.php\/archivos\/noticias\/boletin-933-ejecuta-fgeo-orden-de-aprehension-por-abuso-sexual-infantil-cometido-en-la-region-del-istmo","title":{"rendered":"BOLET\u00cdN 933.- Ejecuta FGEO orden de aprehensi\u00f3n por abuso sexual infantil cometido en la regi\u00f3n del Istmo"},"content":{"rendered":"<p><strong>Oaxaca de Ju\u00e1rez, Oax. 28 agosto de 2024.-<\/strong>Como parte de la estrategia de cero tolerancia a delitos contra la mujer por raz\u00f3n de g\u00e9nero, la Fiscal\u00eda General del Estado de Oaxaca (FGEO) dio cumplimiento a una orden de aprehensi\u00f3n en contra de una persona del sexo masculino identificada como J.M.L.S., por el delito de Abuso Sexual Infantil Agravado, ocurrido en la regi\u00f3n del Istmo de Tehuantepec.<\/p>\n<p>Conforme a lo establecido en el expediente penal del caso, la agresi\u00f3n sexual en agravio de la v\u00edctima (una persona menor de edad, cuya identidad est\u00e1 reservada por ley), ocurri\u00f3 el 8 de julio de 2017, en un domicilio de Juchit\u00e1n de Zaragoza.<\/p>\n<p>Cuando la FGEO recibi\u00f3 la denuncia correspondiente, inici\u00f3 las investigaciones a trav\u00e9s de las \u00e1reas especializadas en delitos por raz\u00f3n de g\u00e9nero, perteneciente a la Vicefiscal\u00eda Regional del Istmo y, derivado de los resultados, se obtuvo una orden de aprehensi\u00f3n la cual se le dio cumplimiento con un operativo encabezado por la Agencia Estatal de Investigaciones (AEI) que logr\u00f3 la detenci\u00f3n del imputado cuando caminaba por calles de la Novena Secci\u00f3n de Juchit\u00e1n de Zaragoza.<\/p>\n<p>Una vez detenido, J.M.L.S. fue puesto a disposici\u00f3n de la autoridad competente que lo requiri\u00f3 para su proceso legal correspondiente.<\/p>\n<figure id=\"attachment_7254\" aria-describedby=\"caption-attachment-7254\" style=\"width: 300px\" class=\"wp-caption alignnone\"><img decoding=\"async\" class=\"size-medium wp-image-7254\" src=\"https:\/\/portal.fgeo.gob.mx\/wp-content\/uploads\/2024\/08\/933-300x165.jpg\" alt=\"\" width=\"300\" height=\"165\" \/><figcaption id=\"caption-attachment-7254\" class=\"wp-caption-text\">Dise\u00f1o sin t\u00edtulo &#8211; 1<\/figcaption><\/figure>\n<p>&nbsp;<\/p>\n","protected":false},"author":2,"featured_media":7108,"comment_status":"closed","ping_status":"closed","template":"","tags":[],"categoria_noticias":[],"class_list":["post-16289","noticias","type-noticias","status-publish","has-post-thumbnail","hentry"],"acf":[],"mb":[],"mfb_rest_fields":["title","gutenberg_elementor_mode"],"_links":{"self":[{"href":"https:\/\/portal.fgeo.gob.mx\/index.php\/wp-json\/wp\/v2\/noticias\/16289","targetHints":{"allow":["GET"]}}],"collection":[{"href":"https:\/\/portal.fgeo.gob.mx\/index.php\/wp-json\/wp\/v2\/noticias"}],"about":[{"href":"https:\/\/portal.fgeo.gob.mx\/index.php\/wp-json\/wp\/v2\/types\/noticias"}],"author":[{"embeddable":true,"href":"https:\/\/portal.fgeo.gob.mx\/index.php\/wp-json\/wp\/v2\/users\/2"}],"replies":[{"embeddable":true,"href":"https:\/\/portal.fgeo.gob.mx\/index.php\/wp-json\/wp\/v2\/comments?post=16289"}],"wp:featuredmedia":[{"embeddable":true,"href":"https:\/\/portal.fgeo.gob.mx\/index.php\/wp-json\/wp\/v2\/media\/7108"}],"wp:attachment":[{"href":"https:\/\/portal.fgeo.gob.mx\/index.php\/wp-json\/wp\/v2\/media?parent=16289"}],"wp:term":[{"taxonomy":"post_tag","embeddable":true,"href":"https:\/\/portal.fgeo.gob.mx\/index.php\/wp-json\/wp\/v2\/tags?post=16289"},{"taxonomy":"categoria_noticias","embeddable":true,"href":"https:\/\/portal.fgeo.gob.mx\/index.php\/wp-json\/wp\/v2\/categoria_noticias?post=16289"}],"curies":[{"name":"wp","href":"https:\/\/api.w.org\/{rel}","templated":true}]}}