{"id":16288,"date":"2024-08-28T10:28:36","date_gmt":"2024-08-28T16:28:36","guid":{"rendered":"https:\/\/fge.oaxaca.gob.mx\/?post_type=noticias&amp;p=7247"},"modified":"2024-08-28T10:28:36","modified_gmt":"2024-08-28T16:28:36","slug":"boletin-932-ejecuta-fiscalia-de-oaxaca-orden-de-aprehension-contra-una-mujer-por-homicidio-cometido-en-la-region-del-istmo","status":"publish","type":"noticias","link":"https:\/\/portal.fgeo.gob.mx\/index.php\/archivos\/noticias\/boletin-932-ejecuta-fiscalia-de-oaxaca-orden-de-aprehension-contra-una-mujer-por-homicidio-cometido-en-la-region-del-istmo","title":{"rendered":"BOLET\u00cdN 932.- Ejecuta Fiscal\u00eda de Oaxaca orden de aprehensi\u00f3n contra una mujer por homicidio cometido en la regi\u00f3n del Istmo"},"content":{"rendered":"<p><strong>Oaxaca de Ju\u00e1rez, Oax. 28 agosto de 2024.-<\/strong> La Fiscal\u00eda General del Estado de Oaxaca (FGEO) ejecut\u00f3 una orden de aprehensi\u00f3n contra una persona del sexo femenino identificada como M.C.C.J. o M.C.C.R., por el delito de Homicidio Calificado, cometido en agravio de J.A.L.A., hechos ocurridos en la regi\u00f3n del Istmo de Tehuantepec.<\/p>\n<p>De acuerdo con el expediente penal del caso, los hechos ocurrieron el 16 de junio de 2024, cuando la v\u00edctima se encontraba en el patio de su domicilio y tras una discusi\u00f3n fue agredida con un arma punzo-cortante (cuchillo), caus\u00e1ndole lesiones en diferentes partes del cuerpo a consecuencia de las cuales perdi\u00f3 la vida.<\/p>\n<p>Ante estos hechos, la Fiscal\u00eda de Oaxaca inici\u00f3 las investigaciones correspondientes a trav\u00e9s de la Fiscal\u00eda Especializada para la Atenci\u00f3n de Delitos de alto Impacto de la Vicefiscal\u00eda Regional del Istmo, dando como resultado que, el 20 de agosto de 2024, se ejecutara la detenci\u00f3n de M.C.C.J. o M.C.C.R., quien fue puesta a disposici\u00f3n de la autoridad ministerial correspondiente para determinar su situaci\u00f3n jur\u00eddica.<\/p>\n<p>El trabajo ministerial expedito y oportuno son herramientas clave para que la Fiscal\u00eda General del Estado de Oaxaca tenga resultados inmediatos a favor de las v\u00edctimas en los procesos de procuraci\u00f3n de justicia.<\/p>\n<figure id=\"attachment_7248\" aria-describedby=\"caption-attachment-7248\" style=\"width: 300px\" class=\"wp-caption alignnone\"><img fetchpriority=\"high\" decoding=\"async\" class=\"size-medium wp-image-7248\" src=\"https:\/\/portal.fgeo.gob.mx\/wp-content\/uploads\/2024\/08\/932-300x269.jpg\" alt=\"\" width=\"300\" height=\"269\" \/><figcaption id=\"caption-attachment-7248\" class=\"wp-caption-text\">Dise\u00f1o sin t\u00edtulo &#8211; 1<\/figcaption><\/figure>\n<p>&nbsp;<\/p>\n","protected":false},"author":2,"featured_media":7108,"comment_status":"closed","ping_status":"closed","template":"","tags":[],"categoria_noticias":[],"class_list":["post-16288","noticias","type-noticias","status-publish","has-post-thumbnail","hentry"],"acf":[],"mb":[],"mfb_rest_fields":["title","gutenberg_elementor_mode"],"_links":{"self":[{"href":"https:\/\/portal.fgeo.gob.mx\/index.php\/wp-json\/wp\/v2\/noticias\/16288","targetHints":{"allow":["GET"]}}],"collection":[{"href":"https:\/\/portal.fgeo.gob.mx\/index.php\/wp-json\/wp\/v2\/noticias"}],"about":[{"href":"https:\/\/portal.fgeo.gob.mx\/index.php\/wp-json\/wp\/v2\/types\/noticias"}],"author":[{"embeddable":true,"href":"https:\/\/portal.fgeo.gob.mx\/index.php\/wp-json\/wp\/v2\/users\/2"}],"replies":[{"embeddable":true,"href":"https:\/\/portal.fgeo.gob.mx\/index.php\/wp-json\/wp\/v2\/comments?post=16288"}],"wp:featuredmedia":[{"embeddable":true,"href":"https:\/\/portal.fgeo.gob.mx\/index.php\/wp-json\/wp\/v2\/media\/7108"}],"wp:attachment":[{"href":"https:\/\/portal.fgeo.gob.mx\/index.php\/wp-json\/wp\/v2\/media?parent=16288"}],"wp:term":[{"taxonomy":"post_tag","embeddable":true,"href":"https:\/\/portal.fgeo.gob.mx\/index.php\/wp-json\/wp\/v2\/tags?post=16288"},{"taxonomy":"categoria_noticias","embeddable":true,"href":"https:\/\/portal.fgeo.gob.mx\/index.php\/wp-json\/wp\/v2\/categoria_noticias?post=16288"}],"curies":[{"name":"wp","href":"https:\/\/api.w.org\/{rel}","templated":true}]}}