{"id":16286,"date":"2024-08-27T16:04:44","date_gmt":"2024-08-27T22:04:44","guid":{"rendered":"https:\/\/fge.oaxaca.gob.mx\/?post_type=noticias&amp;p=7245"},"modified":"2024-08-27T16:04:44","modified_gmt":"2024-08-27T22:04:44","slug":"boletin-930-detiene-y-procesa-fgeo-a-adolescente-por-homicidio-de-un-nino-ocurrido-en-el-istmo-de-tehuantepec","status":"publish","type":"noticias","link":"https:\/\/portal.fgeo.gob.mx\/index.php\/archivos\/noticias\/boletin-930-detiene-y-procesa-fgeo-a-adolescente-por-homicidio-de-un-nino-ocurrido-en-el-istmo-de-tehuantepec","title":{"rendered":"BOLET\u00cdN 930.-Detiene y procesa FGEO a adolescente por homicidio de un ni\u00f1o, ocurrido en el Istmo de Tehuantepec"},"content":{"rendered":"<p><strong>Oaxaca de Ju\u00e1rez, Oax. 27 agosto de 2024.-<\/strong> La Fiscal\u00eda General del Estado de Oaxaca (FGEO) detuvo a un adolescente del sexo masculino (16 a\u00f1os de edad), por su probable responsabilidad en el Homicidio de un ni\u00f1o y realiza los trabajos ministeriales especializados para atender el caso, por los hechos ocurridos en la regi\u00f3n del Istmo de Tehuantepec.<\/p>\n<p>&nbsp;<\/p>\n<p>Con la intervenci\u00f3n inmediata de la FGEO, a trav\u00e9s de la Vicefiscal\u00eda Regional del Istmo y con la intervenci\u00f3n directa de la Fiscal\u00eda Especializada en Justicia para Adolescentes, se realizan los trabajos ministeriales correspondientes para establecer el grado de responsabilidad en los hechos, de la persona adolescente que fue presentada ante la autoridad ministerial pertinente.<\/p>\n<p>&nbsp;<\/p>\n<p>Los hechos sucedieron este martes, 27 de agosto de 2024, al interior de un domicilio abandonado ubicado en la orilla de la carretera federal 190, paraje Las Pi\u00f1as, colonia San Antonio, del municipio de Chahuites.<\/p>\n<p>&nbsp;<\/p>\n<p>En dicho sitio, localizaron el cuerpo sin vida de un ni\u00f1o, cuya identidad est\u00e1 reservada por ley, quien presentaba diversas lesiones provocadas por un objeto corto-contundente.<\/p>\n<p>&nbsp;<\/p>\n<p>Pobladores de la comunidad detuvieron a un adolescente de 16 a\u00f1os de edad, a quien se\u00f1alaron como responsable del homicidio. Dicho menor de edad qued\u00f3 bajo resguardo de la Polic\u00eda Municipal del lugar, que posteriormente lo puso a disposici\u00f3n de las \u00e1reas correspondientes de la Fiscal\u00eda de Oaxaca.<\/p>\n<p>&nbsp;<\/p>\n<p>La persona adolescente detenida por la comunidad, qued\u00f3 a disposici\u00f3n de las \u00e1reas especializadas en justicia para delitos cometidos por adolescentes, para aplicar los protocolos de investigaci\u00f3n garantistas de los derechos humanos que establece la ley en estos casos.<\/p>\n<p>&nbsp;<\/p>\n<p>La Fiscal\u00eda General del Estado de Oaxaca realiza investigaciones especializadas ante delitos cometidos en contra de ni\u00f1as, ni\u00f1os y adolescentes, a trav\u00e9s de equipos multidisciplinarios que permitan atender los casos tomando en cuenta las particularidades de las v\u00edctimas y las circunstancias especiales de los probables agresores de modo que la atenci\u00f3n sea integral y especializada en materia de justicia para adolescentes.<\/p>\n","protected":false},"author":2,"featured_media":7108,"comment_status":"closed","ping_status":"closed","template":"","tags":[],"categoria_noticias":[],"class_list":["post-16286","noticias","type-noticias","status-publish","has-post-thumbnail","hentry"],"acf":[],"mb":[],"mfb_rest_fields":["title","gutenberg_elementor_mode"],"_links":{"self":[{"href":"https:\/\/portal.fgeo.gob.mx\/index.php\/wp-json\/wp\/v2\/noticias\/16286","targetHints":{"allow":["GET"]}}],"collection":[{"href":"https:\/\/portal.fgeo.gob.mx\/index.php\/wp-json\/wp\/v2\/noticias"}],"about":[{"href":"https:\/\/portal.fgeo.gob.mx\/index.php\/wp-json\/wp\/v2\/types\/noticias"}],"author":[{"embeddable":true,"href":"https:\/\/portal.fgeo.gob.mx\/index.php\/wp-json\/wp\/v2\/users\/2"}],"replies":[{"embeddable":true,"href":"https:\/\/portal.fgeo.gob.mx\/index.php\/wp-json\/wp\/v2\/comments?post=16286"}],"wp:featuredmedia":[{"embeddable":true,"href":"https:\/\/portal.fgeo.gob.mx\/index.php\/wp-json\/wp\/v2\/media\/7108"}],"wp:attachment":[{"href":"https:\/\/portal.fgeo.gob.mx\/index.php\/wp-json\/wp\/v2\/media?parent=16286"}],"wp:term":[{"taxonomy":"post_tag","embeddable":true,"href":"https:\/\/portal.fgeo.gob.mx\/index.php\/wp-json\/wp\/v2\/tags?post=16286"},{"taxonomy":"categoria_noticias","embeddable":true,"href":"https:\/\/portal.fgeo.gob.mx\/index.php\/wp-json\/wp\/v2\/categoria_noticias?post=16286"}],"curies":[{"name":"wp","href":"https:\/\/api.w.org\/{rel}","templated":true}]}}