{"id":16285,"date":"2024-08-27T13:00:10","date_gmt":"2024-08-27T19:00:10","guid":{"rendered":"https:\/\/fge.oaxaca.gob.mx\/?post_type=noticias&amp;p=7208"},"modified":"2024-08-27T13:00:10","modified_gmt":"2024-08-27T19:00:10","slug":"boletin-928-fgeo-instala-unidad-de-analisis-y-contexto-para-fortalecer-investigaciones-de-feminicidios-y-otros-delitos-contra-las-mujeres-por-razones-de-genero-en-oaxaca","status":"publish","type":"noticias","link":"https:\/\/portal.fgeo.gob.mx\/index.php\/archivos\/noticias\/boletin-928-fgeo-instala-unidad-de-analisis-y-contexto-para-fortalecer-investigaciones-de-feminicidios-y-otros-delitos-contra-las-mujeres-por-razones-de-genero-en-oaxaca","title":{"rendered":"BOLET\u00cdN 928.- FGEO instala Unidad de An\u00e1lisis y Contexto para fortalecer investigaciones de feminicidios y otros delitos contra las mujeres por razones de g\u00e9nero en Oaxaca"},"content":{"rendered":"<p><strong>Oaxaca de Ju\u00e1rez, Oax. 27 agosto de 2024.-<\/strong>Como parte de la reingenier\u00eda institucional que se lleva a cabo en la Fiscal\u00eda General del Estado de Oaxaca, el Fiscal General Bernardo Rodr\u00edguez Alamilla, realiz\u00f3 la inauguraci\u00f3n de la jornada de capacitaci\u00f3n \u201cAn\u00e1lisis y Contexto: Marco de actuaci\u00f3n de la Unidad de An\u00e1lisis y Contexto para Atender la Violencia Feminicida y el Feminicidio\u201d, a cargo de la doctora en Ciencias Sociales por la Universidad Aut\u00f3noma Metropolitana, Adriana Gonz\u00e1lez Veloz, en el marco de la creaci\u00f3n de la Unidad de An\u00e1lisis y Contexto.<\/p>\n<p>Durante el acto protocolario, el Fiscal General Bernardo Rodr\u00edguez explic\u00f3 que, con este tipo de acciones se busca entender y prevenir de forma m\u00e1s efectiva el fen\u00f3meno delictivo y no solo cuando este ya ocurri\u00f3.<\/p>\n<p>En este sentido, a\u00f1adi\u00f3 que la violencia familiar, es uno de los delitos m\u00e1s recurrentes en la entidad, por lo que, si este delito y otras violencias se logran detectar y atender oportunamente, se refuerza la prevenci\u00f3n mucho de conductas violentas m\u00e1s graves, como el feminicidio.<\/p>\n<p>Acompa\u00f1ado por la consultora de la Unidad de An\u00e1lisis y Contexto, Adriana Gonz\u00e1lez Veloz; la fiscal Especializada para la Atenci\u00f3n a Delitos contra la Mujer por Razones de G\u00e9nero, Margarita Guzm\u00e1n Corsi; la directora de la Unidad de An\u00e1lisis y Contexto, Diana Alva Pazar\u00e1n; el Fiscal Bernardo Rodr\u00edguez reiter\u00f3 que, acciones como esta, coadyuvan al proceso de reingenier\u00eda institucional de la Fiscal\u00eda General del Estado de Oaxaca, pues mediante ellas se logran fortalecer las capacidades de la Instituci\u00f3n, pero sobre todo permiten ofrecer un mejor servicio para la ciudadan\u00eda.<\/p>\n<p>En su intervenci\u00f3n, la directora de la Unidad de An\u00e1lisis y Contexto, Diana Alva Pazar\u00e1n, explic\u00f3 que esta es una estrategia que forma parte del convenio de coordinaci\u00f3n y adhesi\u00f3n que la Fiscal\u00eda de Oaxaca tiene con la Comisi\u00f3n Nacional para Prevenir y Erradicar la Violencia contra las Mujeres, la cual tiene el objetivo de ejecutar acciones para eliminar contextos de violencia social contra las mujeres, as\u00ed como coadyuvar en la prevenci\u00f3n, y eventual erradicaci\u00f3n, del fen\u00f3meno y en la promoci\u00f3n y el respeto de los derechos humanos de las mujeres.<\/p>\n<p>Explic\u00f3 que, esta colaboraci\u00f3n interinstitucional tiene como antesala la Declaratoria por Violencia de G\u00e9nero con que cuenta Oaxaca desde el 2018, es por ello que las acciones con las que cuenta la Unidad est\u00e1n en l\u00ednea con el an\u00e1lisis y contexto del delito de feminicidio y homicidio doloso contra las mujeres.<\/p>\n<p>Al respecto, Diana Alva Pazar\u00e1n detall\u00f3 que, la Unidad est\u00e1 conformada por un equipo multidisciplinario de profesionistas en materia de trabajo social, criminolog\u00eda, antropolog\u00eda, sociolog\u00eda, psicolog\u00eda, derecho, sistemas computacionales y dise\u00f1o gr\u00e1fico, por lo que cada una de estas disciplinas aporta elementos que permiten un an\u00e1lisis complejo y situado del fen\u00f3meno del feminicidio en el estado con un enfoque interseccional, de g\u00e9nero, intercultural y de derechos humanos.<\/p>\n<p>Ante ello, indic\u00f3 que con esta capacitaci\u00f3n la Unidad de An\u00e1lisis y Contexto estar\u00e1 en condiciones de elaborar an\u00e1lisis complejos cualitativos y cuantitativos que consideren los factores sociales, pol\u00edticos, econ\u00f3micos, culturales, normativos que permitir\u00e1n fortalecer el plan de pol\u00edtica criminal, as\u00ed como identificar patrones y modus operandi para establecer l\u00edneas de investigaci\u00f3n contra el delito de feminicidio y otros delitos contra las mujeres por razones de g\u00e9nero.<\/p>\n<p>Por su parte, la consultora de An\u00e1lisis y Contexto, Adriana Gonz\u00e1lez Veloz, indic\u00f3 que esta capacitaci\u00f3n esta orientada a robustecer la labor de an\u00e1lisis de contexto, a fin de que las personas a las que est\u00e1 dirigida\u00a0 adquieran los elementos necesarios para eficientar el trabajo cotidiano, partiendo del hecho de que la Fiscal\u00eda General de Oaxaca se conforma de profesionales que se capacitan constantemente para hacer frente a las problem\u00e1ticas que aquejan a la sociedad.<\/p>\n<p><img fetchpriority=\"high\" decoding=\"async\" class=\"alignnone size-medium wp-image-7234\" src=\"https:\/\/portal.fgeo.gob.mx\/wp-content\/uploads\/2024\/08\/WhatsApp-Image-2024-08-27-at-11.57.36-1-300x200.jpeg\" alt=\"\" width=\"300\" height=\"200\" \/> <img decoding=\"async\" class=\"alignnone size-medium wp-image-7235\" src=\"https:\/\/portal.fgeo.gob.mx\/wp-content\/uploads\/2024\/08\/WhatsApp-Image-2024-08-27-at-11.57.35-4-300x200.jpeg\" alt=\"\" width=\"300\" height=\"200\" \/> <img decoding=\"async\" class=\"alignnone size-medium wp-image-7236\" src=\"https:\/\/portal.fgeo.gob.mx\/wp-content\/uploads\/2024\/08\/WhatsApp-Image-2024-08-27-at-11.57.35-3-300x196.jpeg\" alt=\"\" width=\"300\" height=\"196\" \/> <img loading=\"lazy\" decoding=\"async\" class=\"alignnone size-medium wp-image-7237\" src=\"https:\/\/portal.fgeo.gob.mx\/wp-content\/uploads\/2024\/08\/WhatsApp-Image-2024-08-27-at-11.57.35-2-300x200.jpeg\" alt=\"\" width=\"300\" height=\"200\" \/> <img loading=\"lazy\" decoding=\"async\" class=\"alignnone size-medium wp-image-7238\" src=\"https:\/\/portal.fgeo.gob.mx\/wp-content\/uploads\/2024\/08\/WhatsApp-Image-2024-08-27-at-11.57.35-1-300x200.jpeg\" alt=\"\" width=\"300\" height=\"200\" \/> <img loading=\"lazy\" decoding=\"async\" class=\"alignnone size-medium wp-image-7239\" src=\"https:\/\/portal.fgeo.gob.mx\/wp-content\/uploads\/2024\/08\/WhatsApp-Image-2024-08-27-at-11.57.35-300x200.jpeg\" alt=\"\" width=\"300\" height=\"200\" \/> <img loading=\"lazy\" decoding=\"async\" class=\"alignnone size-medium wp-image-7240\" src=\"https:\/\/portal.fgeo.gob.mx\/wp-content\/uploads\/2024\/08\/WhatsApp-Image-2024-08-27-at-11.57.34-300x200.jpeg\" alt=\"\" width=\"300\" height=\"200\" \/> <img loading=\"lazy\" decoding=\"async\" class=\"alignnone size-medium wp-image-7241\" src=\"https:\/\/portal.fgeo.gob.mx\/wp-content\/uploads\/2024\/08\/WhatsApp-Image-2024-08-27-at-11.57.36-300x200.jpeg\" alt=\"\" width=\"300\" height=\"200\" \/><\/p>\n","protected":false},"author":2,"featured_media":7108,"comment_status":"closed","ping_status":"closed","template":"","tags":[],"categoria_noticias":[],"class_list":["post-16285","noticias","type-noticias","status-publish","has-post-thumbnail","hentry"],"acf":[],"mb":[],"mfb_rest_fields":["title","gutenberg_elementor_mode"],"_links":{"self":[{"href":"https:\/\/portal.fgeo.gob.mx\/index.php\/wp-json\/wp\/v2\/noticias\/16285","targetHints":{"allow":["GET"]}}],"collection":[{"href":"https:\/\/portal.fgeo.gob.mx\/index.php\/wp-json\/wp\/v2\/noticias"}],"about":[{"href":"https:\/\/portal.fgeo.gob.mx\/index.php\/wp-json\/wp\/v2\/types\/noticias"}],"author":[{"embeddable":true,"href":"https:\/\/portal.fgeo.gob.mx\/index.php\/wp-json\/wp\/v2\/users\/2"}],"replies":[{"embeddable":true,"href":"https:\/\/portal.fgeo.gob.mx\/index.php\/wp-json\/wp\/v2\/comments?post=16285"}],"wp:featuredmedia":[{"embeddable":true,"href":"https:\/\/portal.fgeo.gob.mx\/index.php\/wp-json\/wp\/v2\/media\/7108"}],"wp:attachment":[{"href":"https:\/\/portal.fgeo.gob.mx\/index.php\/wp-json\/wp\/v2\/media?parent=16285"}],"wp:term":[{"taxonomy":"post_tag","embeddable":true,"href":"https:\/\/portal.fgeo.gob.mx\/index.php\/wp-json\/wp\/v2\/tags?post=16285"},{"taxonomy":"categoria_noticias","embeddable":true,"href":"https:\/\/portal.fgeo.gob.mx\/index.php\/wp-json\/wp\/v2\/categoria_noticias?post=16285"}],"curies":[{"name":"wp","href":"https:\/\/api.w.org\/{rel}","templated":true}]}}