{"id":16284,"date":"2024-08-27T14:30:47","date_gmt":"2024-08-27T20:30:47","guid":{"rendered":"https:\/\/fge.oaxaca.gob.mx\/?post_type=noticias&amp;p=7185"},"modified":"2024-08-27T14:30:47","modified_gmt":"2024-08-27T20:30:47","slug":"boletin-928-obtiene-fgeo-vinculacion-a-proceso-contra-dos-imputados-por-el-delito-de-narcomenudeo-cometido-en-la-region-de-la-costa","status":"publish","type":"noticias","link":"https:\/\/portal.fgeo.gob.mx\/index.php\/archivos\/noticias\/boletin-928-obtiene-fgeo-vinculacion-a-proceso-contra-dos-imputados-por-el-delito-de-narcomenudeo-cometido-en-la-region-de-la-costa","title":{"rendered":"BOLET\u00cdN 929.- Obtiene FGEO vinculaci\u00f3n a proceso contra dos imputados por el delito de Narcomenudeo, cometido en la regi\u00f3n de la Costa"},"content":{"rendered":"<p><strong>Oaxaca de Ju\u00e1rez, Oax. 27 agosto de 2024.-<\/strong> Como parte de las acciones de investigaci\u00f3n ministerial para combatir los delitos de alto impacto, la Fiscal\u00eda General del Estado de Oaxaca (FGEO) obtuvo auto de vinculaci\u00f3n a proceso en contra de dos personas del sexo masculino identificadas como Y.A.M. y E.S.M., por el delito contra la Salud en su modalidad de Narcomenudeo con fines de suministro gratuito cometido.<\/p>\n<p>De acuerdo con el expediente penal del caso, Y.A.M. y E.S.M. fueron detenidos a la altura de la desviaci\u00f3n a la poblaci\u00f3n de Santa Mar\u00eda Cortijo, perteneciente al distrito de Santiago Pinotepa Nacional, por elementos de la Polic\u00eda Estatal cuando realizaban recorridos de vigilancia y disuasi\u00f3n.<\/p>\n<p>Al momento de la detenci\u00f3n, a ambos imputados les aseguraron hierba seca con caracter\u00edstica a la marihuana, la cual transportaban en la batea de una camioneta en la que viajaban.<\/p>\n<p>Por estos hechos, Y.A.M. y E.S.M. fueron trasladados ante las autoridades ministeriales adscritas a la Vicefiscal\u00eda Regional de la Costa, quienes tomaron conocimiento del caso e iniciaron las indagatorias correspondientes.<\/p>\n<p>Una vez hecha la investigaci\u00f3n, la FGEO present\u00f3 los datos de pruebas al Juez que atiende la causa y al evaluarlos, dict\u00f3 vinculaci\u00f3n a proceso a los imputados Y.A.M. y E.S.M., por el delito contra la Salud en su modalidad de narcomenudeo con fines de suministro gratuito, imponiendo la medida cautelar de prisi\u00f3n preventiva justificada, adem\u00e1s de otorgar un mes para el cierre de la investigaci\u00f3n complementaria.<\/p>\n<p>La Fiscal\u00eda General de Oaxaca, refrenda su compromiso de seguir trabajando para combatir este tipo de delitos que da\u00f1an el tejido social y atentan contra el bienestar de la sociedad oaxaque\u00f1a.<\/p>\n<figure id=\"attachment_7188\" aria-describedby=\"caption-attachment-7188\" style=\"width: 279px\" class=\"wp-caption alignnone\"><img fetchpriority=\"high\" decoding=\"async\" class=\"size-medium wp-image-7188\" src=\"https:\/\/portal.fgeo.gob.mx\/wp-content\/uploads\/2024\/08\/Dise%C3%B1o-sin-t%C3%ADtulo-1-1-279x300.jpg\" alt=\"\" width=\"279\" height=\"300\" \/><figcaption id=\"caption-attachment-7188\" class=\"wp-caption-text\">Dise\u00f1o sin t\u00edtulo &#8211; 1<\/figcaption><\/figure>\n<figure id=\"attachment_7189\" aria-describedby=\"caption-attachment-7189\" style=\"width: 234px\" class=\"wp-caption alignnone\"><img decoding=\"async\" class=\"size-medium wp-image-7189\" src=\"https:\/\/portal.fgeo.gob.mx\/wp-content\/uploads\/2024\/08\/Dise%C3%B1o-sin-t%C3%ADtulo-4-234x300.jpg\" alt=\"\" width=\"234\" height=\"300\" \/><figcaption id=\"caption-attachment-7189\" class=\"wp-caption-text\">Dise\u00f1o sin t\u00edtulo &#8211; 1<\/figcaption><\/figure>\n","protected":false},"author":2,"featured_media":7108,"comment_status":"closed","ping_status":"closed","template":"","tags":[],"categoria_noticias":[],"class_list":["post-16284","noticias","type-noticias","status-publish","has-post-thumbnail","hentry"],"acf":[],"mb":[],"mfb_rest_fields":["title","gutenberg_elementor_mode"],"_links":{"self":[{"href":"https:\/\/portal.fgeo.gob.mx\/index.php\/wp-json\/wp\/v2\/noticias\/16284","targetHints":{"allow":["GET"]}}],"collection":[{"href":"https:\/\/portal.fgeo.gob.mx\/index.php\/wp-json\/wp\/v2\/noticias"}],"about":[{"href":"https:\/\/portal.fgeo.gob.mx\/index.php\/wp-json\/wp\/v2\/types\/noticias"}],"author":[{"embeddable":true,"href":"https:\/\/portal.fgeo.gob.mx\/index.php\/wp-json\/wp\/v2\/users\/2"}],"replies":[{"embeddable":true,"href":"https:\/\/portal.fgeo.gob.mx\/index.php\/wp-json\/wp\/v2\/comments?post=16284"}],"wp:featuredmedia":[{"embeddable":true,"href":"https:\/\/portal.fgeo.gob.mx\/index.php\/wp-json\/wp\/v2\/media\/7108"}],"wp:attachment":[{"href":"https:\/\/portal.fgeo.gob.mx\/index.php\/wp-json\/wp\/v2\/media?parent=16284"}],"wp:term":[{"taxonomy":"post_tag","embeddable":true,"href":"https:\/\/portal.fgeo.gob.mx\/index.php\/wp-json\/wp\/v2\/tags?post=16284"},{"taxonomy":"categoria_noticias","embeddable":true,"href":"https:\/\/portal.fgeo.gob.mx\/index.php\/wp-json\/wp\/v2\/categoria_noticias?post=16284"}],"curies":[{"name":"wp","href":"https:\/\/api.w.org\/{rel}","templated":true}]}}