{"id":16283,"date":"2024-08-26T15:51:45","date_gmt":"2024-08-26T21:51:45","guid":{"rendered":"https:\/\/fge.oaxaca.gob.mx\/?post_type=noticias&amp;p=7129"},"modified":"2024-08-26T15:51:45","modified_gmt":"2024-08-26T21:51:45","slug":"boletin-926-inicia-proceso-de-auditoria-para-certificacion-del-instituto-de-servicios-periciales-y-ciencias-forenses-de-la-fgeo","status":"publish","type":"noticias","link":"https:\/\/portal.fgeo.gob.mx\/index.php\/archivos\/noticias\/boletin-926-inicia-proceso-de-auditoria-para-certificacion-del-instituto-de-servicios-periciales-y-ciencias-forenses-de-la-fgeo","title":{"rendered":"BOLET\u00cdN 926.- Inicia proceso de auditor\u00eda para certificaci\u00f3n del Instituto de Servicios Periciales y Ciencias Forenses de la FGEO"},"content":{"rendered":"<p>&nbsp;<\/p>\n<p>* \u201cLa certeza cient\u00edfica dentro de las investigaciones ministeriales, aporta informaci\u00f3n fundamental en b\u00fasqueda de la verdad jur\u00eddica que realiza la Fiscal\u00eda\u201d: Rodr\u00edguez Alamilla<\/p>\n<p><strong>Oaxaca de Ju\u00e1rez, Oax. 26 agosto de 2024.-<\/strong> \u00a0Al dar inicio a la auditor\u00eda del Proceso de Acreditaci\u00f3n del Programa Internacional para la Capacitaci\u00f3n y Asistencia en la Investigaci\u00f3n Criminal de la Agencia de Asuntos Antinarc\u00f3ticos y Aplicaci\u00f3n de la Ley de los Estados Unidos de Norteam\u00e9rica (ICITAP-INL), para la acreditaci\u00f3n de los laboratorios del Instituto de Servicios Periciales y Ciencias Forenses, el Fiscal General del Estado de Oaxaca, Bernardo Rodr\u00edguez Alamilla, dijo que este proceso tiene el objetivo de que los servicios que brinda la instituci\u00f3n cumplan con los est\u00e1ndares internacionales, pues contribuye al fortalecimiento de las labores de investigaci\u00f3n y mejorar los resultados en cuanto a procuraci\u00f3n de justicia.<\/p>\n<p>Acompa\u00f1ado por el director del Instituto de Servicios Periciales y Ciencias Forenses, Jorge G\u00f3mez Guerrero, as\u00ed como los auditores Zaire Garc\u00eda, Anabel Valenzuela, V\u00edctor Gonz\u00e1lez y Fernando Garc\u00eda Ben\u00edtez, el titular de la Fiscal\u00eda General del Estado de Oaxaca, Bernardo Rodr\u00edguez Alamilla, puntualiz\u00f3 que, dentro del proceso de reingenier\u00eda institucional, es una prioridad fortalecer las investigaciones a trav\u00e9s de m\u00e9todos cient\u00edficos, pues permiten brindar certeza a las v\u00edctimas, pues la instituci\u00f3n cuenta con personal altamente calificado y certificado en materia de ciencias forenses.<\/p>\n<p>A\u00f1adi\u00f3 que, durante el Proceso de Acreditaci\u00f3n del Programa Internacional para la Capacitaci\u00f3n y Asistencia en la Investigaci\u00f3n Criminal de la Agencia de Asuntos Antinarc\u00f3ticos y Aplicaci\u00f3n de la Ley de los Estados Unidos de Norteam\u00e9rica (ICITAP-INL) se eval\u00faan los laboratorios de Gen\u00e9tica Forense, Bal\u00edstica y Documentos Cuestionados, lo que permitir\u00e1 una mejora significativa y constante en los procesos de investigaci\u00f3n y estudios periciales, para contar con procesos de procuraci\u00f3n de justicia eficientes que favorezcan que las v\u00edctimas accedan a la justicia.<\/p>\n<p>El Fiscal General, Bernardo Rodr\u00edguez, record\u00f3 que el Instituto de Servicios Periciales y Ciencias Forenses fue rehabilitado tanto en aspectos de infraestructura como en materia de insumos y materiales, pues dentro de la reingenier\u00eda institucional esto es necesario para fortalecer los procesos de procuraci\u00f3n de justicia, ya que, al contar con espacios dignos, se favorece el trabajo del personal de la instituci\u00f3n, as\u00ed como mejorar la atenci\u00f3n y resultados que se brindan a la ciudadan\u00eda.<\/p>\n<p>Al intervenir, el director del Instituto de Servicios Periciales y Ciencias Forenses, Jorge G\u00f3mez Guerrero dijo que en esa \u00e1rea se ha implementado un proyecto de ampliaci\u00f3n y mejoramiento de los espacios que ocupan psicolog\u00eda, tr\u00e1nsito terrestre, almac\u00e9n de indicios, antropolog\u00eda, an\u00e1lisis de voz, arquitectura, incendios y explosivos, as\u00ed como de contabilidad, site, fotograf\u00eda, una c\u00e1mara de Gesell, \u00e1rea de retrato hablado, y bodega administrativa; adem\u00e1s de gen\u00e9tica y sal\u00f3n de usos m\u00faltiples.<\/p>\n<p><img fetchpriority=\"high\" decoding=\"async\" class=\"alignnone size-medium wp-image-7130\" src=\"https:\/\/portal.fgeo.gob.mx\/wp-content\/uploads\/2024\/08\/WhatsApp-Image-2024-08-26-at-15.43.39-4-300x200.jpeg\" alt=\"\" width=\"300\" height=\"200\" \/> <img decoding=\"async\" class=\"alignnone size-medium wp-image-7131\" src=\"https:\/\/portal.fgeo.gob.mx\/wp-content\/uploads\/2024\/08\/WhatsApp-Image-2024-08-26-at-15.43.39-3-300x200.jpeg\" alt=\"\" width=\"300\" height=\"200\" \/> <img decoding=\"async\" class=\"alignnone size-medium wp-image-7132\" src=\"https:\/\/portal.fgeo.gob.mx\/wp-content\/uploads\/2024\/08\/WhatsApp-Image-2024-08-26-at-15.43.39-2-300x200.jpeg\" alt=\"\" width=\"300\" height=\"200\" \/> <img loading=\"lazy\" decoding=\"async\" class=\"alignnone size-medium wp-image-7133\" src=\"https:\/\/portal.fgeo.gob.mx\/wp-content\/uploads\/2024\/08\/WhatsApp-Image-2024-08-26-at-15.43.39-1-300x200.jpeg\" alt=\"\" width=\"300\" height=\"200\" \/> <img loading=\"lazy\" decoding=\"async\" class=\"alignnone size-medium wp-image-7134\" src=\"https:\/\/portal.fgeo.gob.mx\/wp-content\/uploads\/2024\/08\/WhatsApp-Image-2024-08-26-at-15.43.39-300x177.jpeg\" alt=\"\" width=\"300\" height=\"177\" \/> <img loading=\"lazy\" decoding=\"async\" class=\"alignnone size-medium wp-image-7135\" src=\"https:\/\/portal.fgeo.gob.mx\/wp-content\/uploads\/2024\/08\/WhatsApp-Image-2024-08-26-at-15.43.38-2-300x200.jpeg\" alt=\"\" width=\"300\" height=\"200\" \/> <img loading=\"lazy\" decoding=\"async\" class=\"alignnone size-medium wp-image-7136\" src=\"https:\/\/portal.fgeo.gob.mx\/wp-content\/uploads\/2024\/08\/WhatsApp-Image-2024-08-26-at-15.43.38-1-300x200.jpeg\" alt=\"\" width=\"300\" height=\"200\" \/> <img loading=\"lazy\" decoding=\"async\" class=\"alignnone size-medium wp-image-7137\" src=\"https:\/\/portal.fgeo.gob.mx\/wp-content\/uploads\/2024\/08\/WhatsApp-Image-2024-08-26-at-15.43.38-300x200.jpeg\" alt=\"\" width=\"300\" height=\"200\" \/><\/p>\n","protected":false},"author":2,"featured_media":7108,"comment_status":"closed","ping_status":"closed","template":"","tags":[],"categoria_noticias":[],"class_list":["post-16283","noticias","type-noticias","status-publish","has-post-thumbnail","hentry"],"acf":[],"mb":[],"mfb_rest_fields":["title","gutenberg_elementor_mode"],"_links":{"self":[{"href":"https:\/\/portal.fgeo.gob.mx\/index.php\/wp-json\/wp\/v2\/noticias\/16283","targetHints":{"allow":["GET"]}}],"collection":[{"href":"https:\/\/portal.fgeo.gob.mx\/index.php\/wp-json\/wp\/v2\/noticias"}],"about":[{"href":"https:\/\/portal.fgeo.gob.mx\/index.php\/wp-json\/wp\/v2\/types\/noticias"}],"author":[{"embeddable":true,"href":"https:\/\/portal.fgeo.gob.mx\/index.php\/wp-json\/wp\/v2\/users\/2"}],"replies":[{"embeddable":true,"href":"https:\/\/portal.fgeo.gob.mx\/index.php\/wp-json\/wp\/v2\/comments?post=16283"}],"wp:featuredmedia":[{"embeddable":true,"href":"https:\/\/portal.fgeo.gob.mx\/index.php\/wp-json\/wp\/v2\/media\/7108"}],"wp:attachment":[{"href":"https:\/\/portal.fgeo.gob.mx\/index.php\/wp-json\/wp\/v2\/media?parent=16283"}],"wp:term":[{"taxonomy":"post_tag","embeddable":true,"href":"https:\/\/portal.fgeo.gob.mx\/index.php\/wp-json\/wp\/v2\/tags?post=16283"},{"taxonomy":"categoria_noticias","embeddable":true,"href":"https:\/\/portal.fgeo.gob.mx\/index.php\/wp-json\/wp\/v2\/categoria_noticias?post=16283"}],"curies":[{"name":"wp","href":"https:\/\/api.w.org\/{rel}","templated":true}]}}