{"id":16279,"date":"2024-08-23T11:05:18","date_gmt":"2024-08-23T17:05:18","guid":{"rendered":"https:\/\/fge.oaxaca.gob.mx\/?post_type=noticias&amp;p=7110"},"modified":"2024-08-23T11:05:18","modified_gmt":"2024-08-23T17:05:18","slug":"boletin-921-obtiene-fgeo-auto-de-formal-prision-contra-el-gary-por-el-feminicidio-de-adolescente-mixe-cometido-en-la-capital-de-oaxaca","status":"publish","type":"noticias","link":"https:\/\/portal.fgeo.gob.mx\/index.php\/archivos\/noticias\/boletin-921-obtiene-fgeo-auto-de-formal-prision-contra-el-gary-por-el-feminicidio-de-adolescente-mixe-cometido-en-la-capital-de-oaxaca","title":{"rendered":"BOLET\u00cdN 921.- Obtiene FGEO auto de formal prisi\u00f3n contra &#8220;El Gary&#8221; por el feminicidio de adolescente mixe, cometido en la capital de Oaxaca"},"content":{"rendered":"<p><strong>Oaxaca de Ju\u00e1rez, Oax. 23 agosto de 2024.-<\/strong> La Fiscal\u00eda General del Estado de Oaxaca (FGEO) obtuvo, del Juzgado Primero Penal, Auto de Formal Prisi\u00f3n contra una persona del sexo masculino identificado como M.L.G., alias &#8220;El Gary&#8221;, por el delito de Feminicidio cometido en agravio de una adolescente de origen mixe, cuyo cuerpo fue localizado en la autopista M\u00e9xico- Puebla.<\/p>\n<p>De acuerdo con las investigaciones asentadas en el expediente penal del caso, los hechos ocurrieron el 05 de abril de 2016, cuando la v\u00edctima (cuya identidad est\u00e1 reservada por ley) se encontraba al interior de un tracto-cami\u00f3n en jurisdicci\u00f3n de la agencia de Pueblo Nuevo en la ciudad de Oaxaca, lugar donde fue agredida y privada de la vida.<\/p>\n<p>Posteriormente, el cuerpo de la v\u00edctima fue abandonado en la autopista M\u00e9xico-Puebla a la altura de R\u00edo Fr\u00edo, en jurisdicci\u00f3n del municipio de Santa Rita Tlahuapan, Puebla.<\/p>\n<p>Ante este hecho, la Instituci\u00f3n de procuraci\u00f3n atrajo el caso y a trav\u00e9s de una investigaci\u00f3n exhaustiva logr\u00f3 aprehender en el Estado de M\u00e9xico al imputado, por el delito de Feminicidio, para posteriormente trasladarlo a la ciudad de Oaxaca y ser puesto a disposici\u00f3n de la autoridad judicial correspondiente.<\/p>\n<p>En audiencia de control, el Juez Primero Penal se\u00f1al\u00f3 como legal su detenci\u00f3n y dict\u00f3 auto de formal prisi\u00f3n contra el imputado M.L.G alias &#8220;El Gary&#8221; por el delito de Feminicidio.<\/p>\n<p>La Fiscal\u00eda General reitera su compromiso a esclarecer delitos de g\u00e9nero en la entidad, aplicando todo el rigor de la Ley a quien o quienes resulten responsables<\/p>\n<p>Adem\u00e1s, reconoce la labor de acompa\u00f1amiento legal que el equipo conformado por Ricardo Islas y la periodista Frida Guerrera (Ver\u00f3nica Villalvazo), hicieron en este caso al aportar informaci\u00f3n sustantiva para la localizaci\u00f3n del imputado.<\/p>\n<p><img fetchpriority=\"high\" decoding=\"async\" class=\"alignnone size-medium wp-image-7111\" src=\"https:\/\/portal.fgeo.gob.mx\/wp-content\/uploads\/2024\/08\/FOTO-921-300x174.jpeg\" alt=\"\" width=\"300\" height=\"174\" \/><\/p>\n<p>&nbsp;<\/p>\n","protected":false},"author":2,"featured_media":7108,"comment_status":"closed","ping_status":"closed","template":"","tags":[],"categoria_noticias":[],"class_list":["post-16279","noticias","type-noticias","status-publish","has-post-thumbnail","hentry"],"acf":[],"mb":[],"mfb_rest_fields":["title","gutenberg_elementor_mode"],"_links":{"self":[{"href":"https:\/\/portal.fgeo.gob.mx\/index.php\/wp-json\/wp\/v2\/noticias\/16279","targetHints":{"allow":["GET"]}}],"collection":[{"href":"https:\/\/portal.fgeo.gob.mx\/index.php\/wp-json\/wp\/v2\/noticias"}],"about":[{"href":"https:\/\/portal.fgeo.gob.mx\/index.php\/wp-json\/wp\/v2\/types\/noticias"}],"author":[{"embeddable":true,"href":"https:\/\/portal.fgeo.gob.mx\/index.php\/wp-json\/wp\/v2\/users\/2"}],"replies":[{"embeddable":true,"href":"https:\/\/portal.fgeo.gob.mx\/index.php\/wp-json\/wp\/v2\/comments?post=16279"}],"wp:featuredmedia":[{"embeddable":true,"href":"https:\/\/portal.fgeo.gob.mx\/index.php\/wp-json\/wp\/v2\/media\/7108"}],"wp:attachment":[{"href":"https:\/\/portal.fgeo.gob.mx\/index.php\/wp-json\/wp\/v2\/media?parent=16279"}],"wp:term":[{"taxonomy":"post_tag","embeddable":true,"href":"https:\/\/portal.fgeo.gob.mx\/index.php\/wp-json\/wp\/v2\/tags?post=16279"},{"taxonomy":"categoria_noticias","embeddable":true,"href":"https:\/\/portal.fgeo.gob.mx\/index.php\/wp-json\/wp\/v2\/categoria_noticias?post=16279"}],"curies":[{"name":"wp","href":"https:\/\/api.w.org\/{rel}","templated":true}]}}