{"id":16278,"date":"2024-08-22T11:00:01","date_gmt":"2024-08-22T17:00:01","guid":{"rendered":"https:\/\/fge.oaxaca.gob.mx\/?post_type=noticias&amp;p=7109"},"modified":"2024-08-22T11:00:01","modified_gmt":"2024-08-22T17:00:01","slug":"boletin-919-obtiene-fgeo-sentencia-condenatoria-de-13-anos-contra-responsable-de-violacion-en-agravio-de-una-nina-cometido-en-la-region-de-la-costa","status":"publish","type":"noticias","link":"https:\/\/portal.fgeo.gob.mx\/index.php\/archivos\/noticias\/boletin-919-obtiene-fgeo-sentencia-condenatoria-de-13-anos-contra-responsable-de-violacion-en-agravio-de-una-nina-cometido-en-la-region-de-la-costa","title":{"rendered":"BOLET\u00cdN 919.- Obtiene FGEO sentencia condenatoria de 13 a\u00f1os contra responsable de violaci\u00f3n en agravio de una ni\u00f1a, cometido en la regi\u00f3n de la Costa"},"content":{"rendered":"<p><strong>Oaxaca de Ju\u00e1rez, Oax. 22 agosto de 2024.-<\/strong> Como resultado de las investigaciones enfocadas en garantizar los derechos a una vida libre de violencia de ni\u00f1as, ni\u00f1os y adolescentes, la Fiscal\u00eda General del Estado de Oaxaca (FGEO) obtuvo una sentencia condenatoria de 13 a\u00f1os de prisi\u00f3n en contra de una persona del sexo masculino identificada como Isa\u00edas L.L., por su responsabilidad en la comisi\u00f3n del delito de Equiparado a la Violaci\u00f3n, cometido en la regi\u00f3n de la Costa.<\/p>\n<p>De acuerdo con el expediente penal del caso, los hechos ocurrieron en diferentes fechas del mes mayo de 2010, en un domicilio ubicado en la colonia Chapingo, perteneciente al municipio de San Pedro Pochutla, lugar donde el sentenciado agred\u00eda de manera sexual a la v\u00edctima (una menor de edad cuya identidad es reservada por Ley).<\/p>\n<p>Ante estos hechos, la FGEO inici\u00f3 las investigaciones correspondientes a trav\u00e9s de la Vicefiscal\u00eda Regional de la Costa, las cuales permitieron obtener una orden de aprehensi\u00f3n contra el hoy imputado, para posteriormente presentarlo ante el Juez que lo requiri\u00f3 para el proceso legal correspondiente.<\/p>\n<p>En audiencia y tras evaluar los datos de prueba aportados por autoridades ministeriales de la Fiscal\u00eda de Oaxaca, el Juez dict\u00f3 sentencia condenatoria de 13 a\u00f1os de prisi\u00f3n en contra de Isa\u00edas L.L., alias &#8220;El Chay&#8221;, adem\u00e1s de imponer una multa econ\u00f3mica y el pago por concepto de reparaci\u00f3n del da\u00f1o, luego de demostrar su responsabilidad en la comisi\u00f3n del delito de equiparado a la violaci\u00f3n.<\/p>\n<p>La Fiscal\u00eda de Oaxaca tiene como prioridad garantizar procesos de justicia eficientes en los casos de delitos cometidos en contra de ni\u00f1as, ni\u00f1os y adolescentes, a trav\u00e9s de investigaciones integrales y con perspectiva de infancia que logren garantizar el inter\u00e9s superior de la ni\u00f1ez.<\/p>\n<p>&nbsp;<\/p>\n","protected":false},"author":2,"featured_media":7108,"comment_status":"closed","ping_status":"closed","template":"","tags":[],"categoria_noticias":[],"class_list":["post-16278","noticias","type-noticias","status-publish","has-post-thumbnail","hentry"],"acf":[],"mb":[],"mfb_rest_fields":["title","gutenberg_elementor_mode"],"_links":{"self":[{"href":"https:\/\/portal.fgeo.gob.mx\/index.php\/wp-json\/wp\/v2\/noticias\/16278","targetHints":{"allow":["GET"]}}],"collection":[{"href":"https:\/\/portal.fgeo.gob.mx\/index.php\/wp-json\/wp\/v2\/noticias"}],"about":[{"href":"https:\/\/portal.fgeo.gob.mx\/index.php\/wp-json\/wp\/v2\/types\/noticias"}],"author":[{"embeddable":true,"href":"https:\/\/portal.fgeo.gob.mx\/index.php\/wp-json\/wp\/v2\/users\/2"}],"replies":[{"embeddable":true,"href":"https:\/\/portal.fgeo.gob.mx\/index.php\/wp-json\/wp\/v2\/comments?post=16278"}],"wp:featuredmedia":[{"embeddable":true,"href":"https:\/\/portal.fgeo.gob.mx\/index.php\/wp-json\/wp\/v2\/media\/7108"}],"wp:attachment":[{"href":"https:\/\/portal.fgeo.gob.mx\/index.php\/wp-json\/wp\/v2\/media?parent=16278"}],"wp:term":[{"taxonomy":"post_tag","embeddable":true,"href":"https:\/\/portal.fgeo.gob.mx\/index.php\/wp-json\/wp\/v2\/tags?post=16278"},{"taxonomy":"categoria_noticias","embeddable":true,"href":"https:\/\/portal.fgeo.gob.mx\/index.php\/wp-json\/wp\/v2\/categoria_noticias?post=16278"}],"curies":[{"name":"wp","href":"https:\/\/api.w.org\/{rel}","templated":true}]}}