{"id":16276,"date":"2024-08-21T16:06:44","date_gmt":"2024-08-21T22:06:44","guid":{"rendered":"https:\/\/fge.oaxaca.gob.mx\/?post_type=noticias&amp;p=7095"},"modified":"2024-08-21T16:06:44","modified_gmt":"2024-08-21T22:06:44","slug":"boletin-918-aprehende-fiscalia-de-oaxaca-a-una-persona-por-emboscada-en-la-que-perdieron-la-vida-nueve-victimas-originarias-de-mitlatongo-hechos-ocurridos-en-la-region-de-la-mixteca","status":"publish","type":"noticias","link":"https:\/\/portal.fgeo.gob.mx\/index.php\/archivos\/noticias\/boletin-918-aprehende-fiscalia-de-oaxaca-a-una-persona-por-emboscada-en-la-que-perdieron-la-vida-nueve-victimas-originarias-de-mitlatongo-hechos-ocurridos-en-la-region-de-la-mixteca","title":{"rendered":"BOLET\u00cdN 918.-Aprehende Fiscal\u00eda de Oaxaca a una persona por emboscada en la que perdieron la vida nueve v\u00edctimas originarias de Mitlatongo, hechos ocurridos en la regi\u00f3n de la Mixteca"},"content":{"rendered":"<p><strong>Oaxaca de Ju\u00e1rez, Oax. 21 agosto de 2024.-<\/strong> Como parte de las acciones de combate a delitos de alto impacto, la Fiscal\u00eda General del Estado de Oaxaca (FGEO) ejecut\u00f3 una orden de aprehensi\u00f3n en contra de una persona del sexo masculino identificada como L.C.L., por el delito de homicidio calificado en agravio de nueve personas originarias de Santiago Mitlatongo, hechos ocurridos en la regi\u00f3n de la Mixteca.<\/p>\n<p>De acuerdo con el expediente penal del caso, la emboscada ocurri\u00f3 el 25 de noviembre de 2023, cuando las v\u00edctimas salieron de Santiago Mitlatongo con destino a Asunci\u00f3n Nochixtl\u00e1n, viajaban a bordo de una camioneta de pasajeros, en inmediaciones de la agencia de Guadalupe Victoria fueron interceptados por un grupo de hombres armados quienes dispararon armas de fuego en su contra.<\/p>\n<p>La investigaci\u00f3n revela que, por estos hechos, nueve personas perdieron la vida, se trata de C.L.P.B., S.A.L.B., C.J.L.C, J.S.B., Z.B.B., J.G.L.B., E.S.B.L., M.B.L., y L.L.L., mientras que otras cuatro resultaron con lesiones, entre ellas tres mujeres: C.L.L., V.H.L.B., y E.L.L., as\u00ed como un hombre con iniciales D.S.B.<\/p>\n<p>Ante estos hechos, la Fiscal\u00eda General del Estado de Oaxaca, a trav\u00e9s de la Vicefiscal\u00eda de Regional de la Mixteca, realiz\u00f3 las indagatorias y diligencias correspondientes que permitieron que el Juez liberara la orden de aprehensi\u00f3n en contra de L.C.L., por el delito de homicidio calificado, gracias a lo cual fue detenido el 20 de agosto en el barrio de Las Flores, perteneciente al municipio de Asunci\u00f3n Nochixtl\u00e1n.<\/p>\n<p>Durante el desahogo de la audiencia inicial, el Juez de Control decret\u00f3 como legal la detenci\u00f3n de L.C.L., adem\u00e1s de que se le comunic\u00f3 la imputaci\u00f3n e imponiendo la medida cautelar de prisi\u00f3n preventiva oficiosa.<\/p>\n<p>La Fiscal\u00eda General de Oaxaca refrenda su compromiso de seguir trabajando para que este hecho no quede impune y asimismo, brindar atenci\u00f3n a todos los casos de delitos de alto impacto para garantizar a las v\u00edctimas directas e indirectas un adecuado acceso a los procesos de procuraci\u00f3n de justicia.<\/p>\n<p><img fetchpriority=\"high\" decoding=\"async\" class=\"alignnone size-medium wp-image-7096\" src=\"https:\/\/portal.fgeo.gob.mx\/wp-content\/uploads\/2024\/08\/WhatsApp-Image-2024-08-21-at-16.02.55-300x300.jpeg\" alt=\"\" width=\"300\" height=\"300\" \/><\/p>\n","protected":false},"author":2,"featured_media":6963,"comment_status":"closed","ping_status":"closed","template":"","tags":[],"categoria_noticias":[],"class_list":["post-16276","noticias","type-noticias","status-publish","has-post-thumbnail","hentry"],"acf":[],"mb":[],"mfb_rest_fields":["title","gutenberg_elementor_mode"],"_links":{"self":[{"href":"https:\/\/portal.fgeo.gob.mx\/index.php\/wp-json\/wp\/v2\/noticias\/16276","targetHints":{"allow":["GET"]}}],"collection":[{"href":"https:\/\/portal.fgeo.gob.mx\/index.php\/wp-json\/wp\/v2\/noticias"}],"about":[{"href":"https:\/\/portal.fgeo.gob.mx\/index.php\/wp-json\/wp\/v2\/types\/noticias"}],"author":[{"embeddable":true,"href":"https:\/\/portal.fgeo.gob.mx\/index.php\/wp-json\/wp\/v2\/users\/2"}],"replies":[{"embeddable":true,"href":"https:\/\/portal.fgeo.gob.mx\/index.php\/wp-json\/wp\/v2\/comments?post=16276"}],"wp:featuredmedia":[{"embeddable":true,"href":"https:\/\/portal.fgeo.gob.mx\/index.php\/wp-json\/wp\/v2\/media\/6963"}],"wp:attachment":[{"href":"https:\/\/portal.fgeo.gob.mx\/index.php\/wp-json\/wp\/v2\/media?parent=16276"}],"wp:term":[{"taxonomy":"post_tag","embeddable":true,"href":"https:\/\/portal.fgeo.gob.mx\/index.php\/wp-json\/wp\/v2\/tags?post=16276"},{"taxonomy":"categoria_noticias","embeddable":true,"href":"https:\/\/portal.fgeo.gob.mx\/index.php\/wp-json\/wp\/v2\/categoria_noticias?post=16276"}],"curies":[{"name":"wp","href":"https:\/\/api.w.org\/{rel}","templated":true}]}}