{"id":16275,"date":"2024-08-21T12:20:30","date_gmt":"2024-08-21T18:20:30","guid":{"rendered":"https:\/\/fge.oaxaca.gob.mx\/?post_type=noticias&amp;p=7091"},"modified":"2024-08-21T12:20:30","modified_gmt":"2024-08-21T18:20:30","slug":"boletin-917-obtiene-fgeo-prision-preventiva-y-vinculacion-a-proceso-de-tres-elementos-de-la-policia-municipal-de-atzompa-por-caso-de-abuso-sexual-agravado","status":"publish","type":"noticias","link":"https:\/\/portal.fgeo.gob.mx\/index.php\/archivos\/noticias\/boletin-917-obtiene-fgeo-prision-preventiva-y-vinculacion-a-proceso-de-tres-elementos-de-la-policia-municipal-de-atzompa-por-caso-de-abuso-sexual-agravado","title":{"rendered":"BOLET\u00cdN 917.- Obtiene FGEO prisi\u00f3n preventiva y vinculaci\u00f3n a proceso de tres elementos de la polic\u00eda municipal de Atzompa por caso de abuso sexual agravado"},"content":{"rendered":"<p><strong>Oaxaca de Ju\u00e1rez, Oax. 21 agosto de 2024.-<\/strong> En puntual seguimiento al caso, la Fiscal\u00eda General del Estado de Oaxaca (FGEO) obtuvo auto de vinculaci\u00f3n a proceso para tres personas del sexo masculino identificadas como J.A.M.V., P.H.B. y M.A.C.R., todos ellos elementos de la polic\u00eda municipal de Santa Mar\u00eda Atzompa, por el delito de abuso sexual agravado cometido en contra de una mujer; hechos ocurridos en la regi\u00f3n de los Valles Centrales.<\/p>\n<p>De acuerdo con la causa penal, los hechos ocurrieron el pasado 22 de abril de 2024 cuando la v\u00edctima -quien tambi\u00e9n es elemento de la polic\u00eda municipal de Santa Mar\u00eda Atzompa- se encontraba realizando sus actividades a bordo de una patrulla cuando fue agredida sexualmente.<\/p>\n<p>Luego de registrarse los hechos, la v\u00edctima present\u00f3 su denuncia penal que qued\u00f3 bajo investigaci\u00f3n de la Fiscal\u00eda Especializada en Atenci\u00f3n a Delitos contra la Mujer por Raz\u00f3n de G\u00e9nero, la cual realiz\u00f3 las indagatorias y diligencias correspondientes que permitieron presentar las pruebas, las cuales fueron evaluadas por el Juez de la causa, quien dict\u00f3 auto de vinculaci\u00f3n a proceso para J.A.M.V., P.H.B. y M.A.C.R., por el delito de abuso sexual agravado, adem\u00e1s de ordenar la medida cautelar de prisi\u00f3n preventiva y otorg\u00f3 un mes para el cierre de la investigaci\u00f3n complementaria.<\/p>\n<p>La Fiscal\u00eda de Oaxaca reitera su compromiso con brindar investigaciones especializadas en los casos relacionados con violencia sexual contra mujeres, por ello, realiza intervenciones con perspectiva de g\u00e9nero y con un equipo multidisciplinario que permita brindar a las v\u00edctimas un pleno acceso a la procuraci\u00f3n de justicia.<\/p>\n<p><img fetchpriority=\"high\" decoding=\"async\" class=\"alignnone size-medium wp-image-7090\" src=\"https:\/\/portal.fgeo.gob.mx\/wp-content\/uploads\/2024\/08\/WhatsApp-Image-2024-08-20-at-5.14.26-PM-225x300.jpeg\" alt=\"\" width=\"225\" height=\"300\" \/> <img decoding=\"async\" class=\"alignnone size-medium wp-image-7089\" src=\"https:\/\/portal.fgeo.gob.mx\/wp-content\/uploads\/2024\/08\/WhatsApp-Image-2024-08-20-at-5.14.27-PM-225x300.jpeg\" alt=\"\" width=\"225\" height=\"300\" \/> <img decoding=\"async\" class=\"alignnone size-medium wp-image-7088\" src=\"https:\/\/portal.fgeo.gob.mx\/wp-content\/uploads\/2024\/08\/WhatsApp-Image-2024-08-20-at-5.14.27-PM-1-225x300.jpeg\" alt=\"\" width=\"225\" height=\"300\" \/><\/p>\n","protected":false},"author":2,"featured_media":6963,"comment_status":"closed","ping_status":"closed","template":"","tags":[],"categoria_noticias":[],"class_list":["post-16275","noticias","type-noticias","status-publish","has-post-thumbnail","hentry"],"acf":[],"mb":[],"mfb_rest_fields":["title","gutenberg_elementor_mode"],"_links":{"self":[{"href":"https:\/\/portal.fgeo.gob.mx\/index.php\/wp-json\/wp\/v2\/noticias\/16275","targetHints":{"allow":["GET"]}}],"collection":[{"href":"https:\/\/portal.fgeo.gob.mx\/index.php\/wp-json\/wp\/v2\/noticias"}],"about":[{"href":"https:\/\/portal.fgeo.gob.mx\/index.php\/wp-json\/wp\/v2\/types\/noticias"}],"author":[{"embeddable":true,"href":"https:\/\/portal.fgeo.gob.mx\/index.php\/wp-json\/wp\/v2\/users\/2"}],"replies":[{"embeddable":true,"href":"https:\/\/portal.fgeo.gob.mx\/index.php\/wp-json\/wp\/v2\/comments?post=16275"}],"wp:featuredmedia":[{"embeddable":true,"href":"https:\/\/portal.fgeo.gob.mx\/index.php\/wp-json\/wp\/v2\/media\/6963"}],"wp:attachment":[{"href":"https:\/\/portal.fgeo.gob.mx\/index.php\/wp-json\/wp\/v2\/media?parent=16275"}],"wp:term":[{"taxonomy":"post_tag","embeddable":true,"href":"https:\/\/portal.fgeo.gob.mx\/index.php\/wp-json\/wp\/v2\/tags?post=16275"},{"taxonomy":"categoria_noticias","embeddable":true,"href":"https:\/\/portal.fgeo.gob.mx\/index.php\/wp-json\/wp\/v2\/categoria_noticias?post=16275"}],"curies":[{"name":"wp","href":"https:\/\/api.w.org\/{rel}","templated":true}]}}