{"id":16272,"date":"2024-08-19T13:44:02","date_gmt":"2024-08-19T19:44:02","guid":{"rendered":"https:\/\/fge.oaxaca.gob.mx\/?post_type=noticias&amp;p=7081"},"modified":"2024-08-19T13:44:02","modified_gmt":"2024-08-19T19:44:02","slug":"boletin-913-obtiene-fgeo-vinculacion-a-proceso-en-contra-de-una-persona-por-el-delito-de-violencia-familiar-en-la-costa","status":"publish","type":"noticias","link":"https:\/\/portal.fgeo.gob.mx\/index.php\/archivos\/noticias\/boletin-913-obtiene-fgeo-vinculacion-a-proceso-en-contra-de-una-persona-por-el-delito-de-violencia-familiar-en-la-costa","title":{"rendered":"Bolet\u00edn 913.- Obtiene FGEO vinculaci\u00f3n a proceso en contra de una persona por el delito de violencia familiar en la Costa"},"content":{"rendered":"<p>Oaxaca de Ju\u00e1rez, Oax. 19 agosto de 2024.- La Fiscal\u00eda General del Estado de Oaxaca obtuvo la vinculaci\u00f3n a proceso de una persona del sexo masculino identificada como O.H.S., por el delito de violencia familiar cometido en agravio de una mujer (mam\u00e1), hechos ocurridos en la regi\u00f3n de la Costa.<\/p>\n<p>De acuerdo con la carpeta de investigaci\u00f3n, el 22 de julio de 2024 la v\u00edctima -identificada como M.E.S.S.-\u00a0se encontraba en su domicilio ubicado en San Pedro Pochutla, cuando fue agredida con un arma corto contundente (machete), adem\u00e1s de ser v\u00edctima de agresiones verbales.<\/p>\n<p>La Fiscal\u00eda General del Estado de Oaxaca tom\u00f3 conocimiento del caso a trav\u00e9s del \u00e1rea de g\u00e9nero de la Vicefiscal\u00eda Regional de la Costa, la cual ejecut\u00f3 la orden de aprehensi\u00f3n correspondiente contra el imputado O.H.S. que qued\u00f3 a disposici\u00f3n de la autoridad que lo requiri\u00f3.<\/p>\n<p>Tras aportar las pruebas ministeriales, el Juez que atiende la causa dict\u00f3 auto de vinculaci\u00f3n a proceso en contra del imputado O.H.S., adem\u00e1s que impuso la medida cautelar de prisi\u00f3n preventiva justificada y concedi\u00f3 dos meses para el cierre de la investigaci\u00f3n.<\/p>\n<p>La Fiscal\u00eda de Oaxaca est\u00e1 comprometida con brindar investigaciones prontas, especialmente en materia del delito de violencia familiar, pues con esto busca garantizar a las v\u00edctimas procesos de procuraci\u00f3n de justicia eficientes.<\/p>\n<figure id=\"attachment_7082\" aria-describedby=\"caption-attachment-7082\" style=\"width: 300px\" class=\"wp-caption alignnone\"><img decoding=\"async\" class=\"size-medium wp-image-7082\" src=\"https:\/\/portal.fgeo.gob.mx\/wp-content\/uploads\/2024\/08\/foto-913-300x146.jpg\" alt=\"\" width=\"300\" height=\"146\" \/><figcaption id=\"caption-attachment-7082\" class=\"wp-caption-text\">Dise\u00f1o sin t\u00edtulo &#8211; 1<\/figcaption><\/figure>\n","protected":false},"author":2,"featured_media":6963,"comment_status":"closed","ping_status":"closed","template":"","tags":[],"categoria_noticias":[],"class_list":["post-16272","noticias","type-noticias","status-publish","has-post-thumbnail","hentry"],"acf":[],"mb":[],"mfb_rest_fields":["title","gutenberg_elementor_mode"],"_links":{"self":[{"href":"https:\/\/portal.fgeo.gob.mx\/index.php\/wp-json\/wp\/v2\/noticias\/16272","targetHints":{"allow":["GET"]}}],"collection":[{"href":"https:\/\/portal.fgeo.gob.mx\/index.php\/wp-json\/wp\/v2\/noticias"}],"about":[{"href":"https:\/\/portal.fgeo.gob.mx\/index.php\/wp-json\/wp\/v2\/types\/noticias"}],"author":[{"embeddable":true,"href":"https:\/\/portal.fgeo.gob.mx\/index.php\/wp-json\/wp\/v2\/users\/2"}],"replies":[{"embeddable":true,"href":"https:\/\/portal.fgeo.gob.mx\/index.php\/wp-json\/wp\/v2\/comments?post=16272"}],"wp:featuredmedia":[{"embeddable":true,"href":"https:\/\/portal.fgeo.gob.mx\/index.php\/wp-json\/wp\/v2\/media\/6963"}],"wp:attachment":[{"href":"https:\/\/portal.fgeo.gob.mx\/index.php\/wp-json\/wp\/v2\/media?parent=16272"}],"wp:term":[{"taxonomy":"post_tag","embeddable":true,"href":"https:\/\/portal.fgeo.gob.mx\/index.php\/wp-json\/wp\/v2\/tags?post=16272"},{"taxonomy":"categoria_noticias","embeddable":true,"href":"https:\/\/portal.fgeo.gob.mx\/index.php\/wp-json\/wp\/v2\/categoria_noticias?post=16272"}],"curies":[{"name":"wp","href":"https:\/\/api.w.org\/{rel}","templated":true}]}}