{"id":16270,"date":"2024-08-19T11:33:46","date_gmt":"2024-08-19T17:33:46","guid":{"rendered":"https:\/\/fge.oaxaca.gob.mx\/?post_type=noticias&amp;p=7071"},"modified":"2024-08-19T11:33:46","modified_gmt":"2024-08-19T17:33:46","slug":"boletin-912-obtiene-fgeo-vinculacion-a-proceso-contra-imputado-por-el-delito-de-homicidio-y-tentativa-de-homicidio-cometido-en-la-cuenca-del-papaloapan","status":"publish","type":"noticias","link":"https:\/\/portal.fgeo.gob.mx\/index.php\/archivos\/noticias\/boletin-912-obtiene-fgeo-vinculacion-a-proceso-contra-imputado-por-el-delito-de-homicidio-y-tentativa-de-homicidio-cometido-en-la-cuenca-del-papaloapan","title":{"rendered":"Bolet\u00edn 912.- Obtiene FGEO vinculaci\u00f3n a proceso contra imputado por el delito de homicidio y tentativa de homicidio cometido en la Cuenca del Papaloapan"},"content":{"rendered":"<p>Oaxaca de Ju\u00e1rez, Oax. 19 agosto de 2024.- La Fiscal\u00eda General del Estado de Oaxaca (FGEO) auto de vinculaci\u00f3n a proceso en contra de una persona del sexo masculino identificada como H.J.C.M., alias &#8220;El Pinky&#8221;, por el delito de Homicidio Calificado con Ventaja y Tentativa de Homicidio Calificado en agravio de dos personas, cometido en San Felipe Usila en la regi\u00f3n de la Cuenca del Papaloapan.<\/p>\n<p>De acuerdo con lo asentado en el expediente del caso, la agresi\u00f3n armada ocurri\u00f3 el 25 de noviembre de 2023, cuando las v\u00edctimas (E.M.G., y S.C J.) circulaban a bordo de una camioneta sobre calles c\u00e9ntricas del municipio de San Felipe Usila, cuando fueron interceptados por un grupo de personas que los atacaron con disparos de arma de fuego, privando de la vida a S.C.J.<\/p>\n<p>Tras estos hechos, la FGEO inici\u00f3 las investigaciones correspondientes que quedaron a cargo de la Vicefiscal\u00eda Regional de la Cuenca, logrando obtener una orden de aprehensi\u00f3n contra el imputado quien fue presentado ante el juzgado para su proceso legal correspondiente.<\/p>\n<p>Una vez valorados los datos de prueba aportados por la Fiscal\u00eda de Oaxaca, el Juez en turno determin\u00f3 vincular a proceso a H.J.C.M., alias &#8220;El Pinky&#8221;, por el delito de Homicidio Calificado con Ventaja y Tentativa de Homicidio Calificado, adem\u00e1s de imponer la medida cautelar de prisi\u00f3n preventiva justificada, otorgando el plazo de dos meses para el cierre de investigaci\u00f3n complementaria.<\/p>\n<p>La Fiscal\u00eda General garantiza investigaciones exhaustivas para esclarecer delitos, aplicando las herramientas legales para castigar a quien o quienes resulten responsables.<\/p>\n<p><img fetchpriority=\"high\" decoding=\"async\" class=\"alignnone size-medium wp-image-7072\" src=\"https:\/\/portal.fgeo.gob.mx\/wp-content\/uploads\/2024\/08\/foto912-226x300.jpg\" alt=\"\" width=\"226\" height=\"300\" \/><\/p>\n","protected":false},"author":2,"featured_media":6963,"comment_status":"closed","ping_status":"closed","template":"","tags":[],"categoria_noticias":[],"class_list":["post-16270","noticias","type-noticias","status-publish","has-post-thumbnail","hentry"],"acf":[],"mb":[],"mfb_rest_fields":["title","gutenberg_elementor_mode"],"_links":{"self":[{"href":"https:\/\/portal.fgeo.gob.mx\/index.php\/wp-json\/wp\/v2\/noticias\/16270","targetHints":{"allow":["GET"]}}],"collection":[{"href":"https:\/\/portal.fgeo.gob.mx\/index.php\/wp-json\/wp\/v2\/noticias"}],"about":[{"href":"https:\/\/portal.fgeo.gob.mx\/index.php\/wp-json\/wp\/v2\/types\/noticias"}],"author":[{"embeddable":true,"href":"https:\/\/portal.fgeo.gob.mx\/index.php\/wp-json\/wp\/v2\/users\/2"}],"replies":[{"embeddable":true,"href":"https:\/\/portal.fgeo.gob.mx\/index.php\/wp-json\/wp\/v2\/comments?post=16270"}],"wp:featuredmedia":[{"embeddable":true,"href":"https:\/\/portal.fgeo.gob.mx\/index.php\/wp-json\/wp\/v2\/media\/6963"}],"wp:attachment":[{"href":"https:\/\/portal.fgeo.gob.mx\/index.php\/wp-json\/wp\/v2\/media?parent=16270"}],"wp:term":[{"taxonomy":"post_tag","embeddable":true,"href":"https:\/\/portal.fgeo.gob.mx\/index.php\/wp-json\/wp\/v2\/tags?post=16270"},{"taxonomy":"categoria_noticias","embeddable":true,"href":"https:\/\/portal.fgeo.gob.mx\/index.php\/wp-json\/wp\/v2\/categoria_noticias?post=16270"}],"curies":[{"name":"wp","href":"https:\/\/api.w.org\/{rel}","templated":true}]}}