{"id":16268,"date":"2024-08-16T14:13:37","date_gmt":"2024-08-16T20:13:37","guid":{"rendered":"https:\/\/fge.oaxaca.gob.mx\/?post_type=noticias&amp;p=7048"},"modified":"2024-08-16T14:13:37","modified_gmt":"2024-08-16T20:13:37","slug":"boletin-909-fiscalia-de-oaxaca-ejecuta-orden-de-aprehension-por-el-delito-de-violacion-ocurrida-en-los-valles-centrales","status":"publish","type":"noticias","link":"https:\/\/portal.fgeo.gob.mx\/index.php\/archivos\/noticias\/boletin-909-fiscalia-de-oaxaca-ejecuta-orden-de-aprehension-por-el-delito-de-violacion-ocurrida-en-los-valles-centrales","title":{"rendered":"BOLET\u00cdN 909 &#8211; Fiscal\u00eda de Oaxaca ejecuta orden de aprehensi\u00f3n por el delito de violaci\u00f3n ocurrida en los Valles Centrales"},"content":{"rendered":"<p>Oaxaca de Ju\u00e1rez, Oax. 16 agosto de 2024.-\u00a0Como parte de la estrategia de cero tolerancia a delitos contra la mujer por raz\u00f3n de g\u00e9nero, la Fiscal\u00eda General del Estado de Oaxaca (FGEO) ejecut\u00f3 una orden de aprehensi\u00f3n en contra de una persona del sexo masculino identificada como V.M.R., por el delito de Violaci\u00f3n en perjuicio de una mujer, cometido en la regi\u00f3n de los Valles Centrales.<\/p>\n<p>De acuerdo con la denuncia asentada en el expediente penal del caso, la v\u00edctima (cuya identidad est\u00e1 reservada por ley) fue agredida f\u00edsica y sexualmente en diferentes ocasiones en un domicilio ubicado en San Bartolo Coyotepec, municipio conurbano de la ciudad de Oaxaca.<\/p>\n<p>La denuncia detalla que la v\u00edctima empez\u00f3 a sufrir agresiones sexuales y amenazas en diferentes fechas desde el 02 de agosto de 2023 hasta el 02 de noviembre del mismo a\u00f1o.<\/p>\n<p>Una vez que la FGEO atrajo el caso, realiz\u00f3 las indagatorias correspondientes a trav\u00e9s de la Comandancia de Investigaci\u00f3n Especializada para la Atenci\u00f3n a Delitos Contra la Mujer por Raz\u00f3n de G\u00e9nero de la Vicefiscal\u00eda de Valles Centrales, logrando obtener una orden de aprehensi\u00f3n contra V.M.R.<\/p>\n<p>Tras dar cumplimiento al mandato judicial, el detenido fue puesto a disposici\u00f3n de la autoridad que lo requiri\u00f3 para que se determine su situaci\u00f3n jur\u00eddica.<\/p>\n<p>La Fiscal\u00eda de Oaxaca est\u00e1 comprometida con dar celeridad a las investigaciones relacionadas con delitos cometidos en contra de ni\u00f1as, ni\u00f1os, adolescente y mujeres por ello, realiza los trabajos a trav\u00e9s de equipos multidisciplinarios que permitan fortalecer las l\u00edneas de investigaci\u00f3n y con ello brindar certeza a los procesos de procuraci\u00f3n de justicia.<\/p>\n","protected":false},"author":2,"featured_media":6963,"comment_status":"closed","ping_status":"closed","template":"","tags":[],"categoria_noticias":[],"class_list":["post-16268","noticias","type-noticias","status-publish","has-post-thumbnail","hentry"],"acf":[],"mb":[],"mfb_rest_fields":["title","gutenberg_elementor_mode"],"_links":{"self":[{"href":"https:\/\/portal.fgeo.gob.mx\/index.php\/wp-json\/wp\/v2\/noticias\/16268","targetHints":{"allow":["GET"]}}],"collection":[{"href":"https:\/\/portal.fgeo.gob.mx\/index.php\/wp-json\/wp\/v2\/noticias"}],"about":[{"href":"https:\/\/portal.fgeo.gob.mx\/index.php\/wp-json\/wp\/v2\/types\/noticias"}],"author":[{"embeddable":true,"href":"https:\/\/portal.fgeo.gob.mx\/index.php\/wp-json\/wp\/v2\/users\/2"}],"replies":[{"embeddable":true,"href":"https:\/\/portal.fgeo.gob.mx\/index.php\/wp-json\/wp\/v2\/comments?post=16268"}],"wp:featuredmedia":[{"embeddable":true,"href":"https:\/\/portal.fgeo.gob.mx\/index.php\/wp-json\/wp\/v2\/media\/6963"}],"wp:attachment":[{"href":"https:\/\/portal.fgeo.gob.mx\/index.php\/wp-json\/wp\/v2\/media?parent=16268"}],"wp:term":[{"taxonomy":"post_tag","embeddable":true,"href":"https:\/\/portal.fgeo.gob.mx\/index.php\/wp-json\/wp\/v2\/tags?post=16268"},{"taxonomy":"categoria_noticias","embeddable":true,"href":"https:\/\/portal.fgeo.gob.mx\/index.php\/wp-json\/wp\/v2\/categoria_noticias?post=16268"}],"curies":[{"name":"wp","href":"https:\/\/api.w.org\/{rel}","templated":true}]}}