{"id":16266,"date":"2024-08-16T08:02:07","date_gmt":"2024-08-16T14:02:07","guid":{"rendered":"https:\/\/fge.oaxaca.gob.mx\/?post_type=noticias&amp;p=7044"},"modified":"2024-08-16T08:02:07","modified_gmt":"2024-08-16T14:02:07","slug":"boletin-907-fiscalia-de-oaxaca-ejecuta-orden-de-aprehension-contra-dos-personas-por-el-delito-de-pederastia-y-violencia-familiar-cometidos-en-la-region-del-istmo","status":"publish","type":"noticias","link":"https:\/\/portal.fgeo.gob.mx\/index.php\/archivos\/noticias\/boletin-907-fiscalia-de-oaxaca-ejecuta-orden-de-aprehension-contra-dos-personas-por-el-delito-de-pederastia-y-violencia-familiar-cometidos-en-la-region-del-istmo","title":{"rendered":"Bolet\u00edn 907.- Fiscal\u00eda de Oaxaca ejecuta orden de aprehensi\u00f3n contra dos personas por el delito de Pederastia y Violencia Familiar cometidos en la regi\u00f3n del Istmo"},"content":{"rendered":"<p>Oaxaca de Ju\u00e1rez, Oax. 16 agosto de 2024.- Como parte de la estrategia de combate a los delitos cometidos en contra de ni\u00f1as, ni\u00f1os, adolescentes y mujeres, la Fiscal\u00eda General del Estado de Oaxaca (FGEO) ejecut\u00f3 una orden de aprehensi\u00f3n en contra dos personas -una de ellas del sexo masculino identificada como S.J.G.D., y una mujer identificada como T.D.P.R.- por el delito de Pederastia y Violencia Familiar, hechos ocurridos en la regi\u00f3n del Istmo.<\/p>\n<p>&nbsp;<\/p>\n<p>De acuerdo con el expediente penal del caso, la v\u00edctima (cuya identidad est\u00e1 reservada por ley) fue agredida f\u00edsicamente en diferentes ocasiones, entre enero y febrero de 2024, caus\u00e1ndole cicatrices en diversas partes del cuerpo, hechos ocurridos en Salina Cruz.<\/p>\n<p>&nbsp;<\/p>\n<p>Ante estos hechos, la Fiscal\u00eda de Oaxaca recibi\u00f3 la denuncia, por lo que, a trav\u00e9s de la Vicefiscal\u00eda Regional del Istmo, inici\u00f3 las indagatorias correspondientes que permitieron ejecutar la orden de aprehensi\u00f3n en contra de S.J.G.D. y T.D.P.R., quienes fueron presentados ante el Juez que conoce la causa.<\/p>\n<p>&nbsp;<\/p>\n<p>La Fiscal\u00eda de Oaxaca tiene entre sus ejes rectores garantizar una vida libre de violencia para ni\u00f1as, ni\u00f1os y adolescentes, a trav\u00e9s de los mecanismos de procuraci\u00f3n de justicia que est\u00e1n a cargo de \u00e1reas especializadas y bien capacitadas para este tipo de labores.<\/p>\n<figure id=\"attachment_7045\" aria-describedby=\"caption-attachment-7045\" style=\"width: 300px\" class=\"wp-caption alignnone\"><img fetchpriority=\"high\" decoding=\"async\" class=\"size-medium wp-image-7045\" src=\"https:\/\/portal.fgeo.gob.mx\/wp-content\/uploads\/2024\/08\/foto-907-300x271.jpg\" alt=\"\" width=\"300\" height=\"271\" \/><figcaption id=\"caption-attachment-7045\" class=\"wp-caption-text\">Dise\u00f1o sin t\u00edtulo &#8211; 1<\/figcaption><\/figure>\n","protected":false},"author":2,"featured_media":6963,"comment_status":"closed","ping_status":"closed","template":"","tags":[],"categoria_noticias":[],"class_list":["post-16266","noticias","type-noticias","status-publish","has-post-thumbnail","hentry"],"acf":[],"mb":[],"mfb_rest_fields":["title","gutenberg_elementor_mode"],"_links":{"self":[{"href":"https:\/\/portal.fgeo.gob.mx\/index.php\/wp-json\/wp\/v2\/noticias\/16266","targetHints":{"allow":["GET"]}}],"collection":[{"href":"https:\/\/portal.fgeo.gob.mx\/index.php\/wp-json\/wp\/v2\/noticias"}],"about":[{"href":"https:\/\/portal.fgeo.gob.mx\/index.php\/wp-json\/wp\/v2\/types\/noticias"}],"author":[{"embeddable":true,"href":"https:\/\/portal.fgeo.gob.mx\/index.php\/wp-json\/wp\/v2\/users\/2"}],"replies":[{"embeddable":true,"href":"https:\/\/portal.fgeo.gob.mx\/index.php\/wp-json\/wp\/v2\/comments?post=16266"}],"wp:featuredmedia":[{"embeddable":true,"href":"https:\/\/portal.fgeo.gob.mx\/index.php\/wp-json\/wp\/v2\/media\/6963"}],"wp:attachment":[{"href":"https:\/\/portal.fgeo.gob.mx\/index.php\/wp-json\/wp\/v2\/media?parent=16266"}],"wp:term":[{"taxonomy":"post_tag","embeddable":true,"href":"https:\/\/portal.fgeo.gob.mx\/index.php\/wp-json\/wp\/v2\/tags?post=16266"},{"taxonomy":"categoria_noticias","embeddable":true,"href":"https:\/\/portal.fgeo.gob.mx\/index.php\/wp-json\/wp\/v2\/categoria_noticias?post=16266"}],"curies":[{"name":"wp","href":"https:\/\/api.w.org\/{rel}","templated":true}]}}