{"id":16265,"date":"2024-08-15T18:59:04","date_gmt":"2024-08-16T00:59:04","guid":{"rendered":"https:\/\/fge.oaxaca.gob.mx\/?post_type=noticias&amp;p=7042"},"modified":"2024-08-15T18:59:04","modified_gmt":"2024-08-16T00:59:04","slug":"boletin-906-ejecuta-fiscalia-de-oaxaca-orden-de-aprehension-contra-sujeto-por-tentativa-de-homicidio-cometido-en-la-region-del-istmo","status":"publish","type":"noticias","link":"https:\/\/portal.fgeo.gob.mx\/index.php\/archivos\/noticias\/boletin-906-ejecuta-fiscalia-de-oaxaca-orden-de-aprehension-contra-sujeto-por-tentativa-de-homicidio-cometido-en-la-region-del-istmo","title":{"rendered":"Bolet\u00edn 906.- Ejecuta Fiscal\u00eda de Oaxaca orden de aprehensi\u00f3n contra sujeto por tentativa de homicidio cometido en la regi\u00f3n del Istmo"},"content":{"rendered":"<p>Oaxaca de Ju\u00e1rez, Oax. 15 agosto de 2024.- La Fiscal\u00eda General del Estado de Oaxaca (FGEO) ejecut\u00f3 una orden de aprehensi\u00f3n contra una persona del sexo masculino identificada como E.L.S., por el delito de Tentativa de Homicidio Calificado cometido en agravio de R.N.J.S., hechos ocurridos en la regi\u00f3n del Istmo de Tehuantepec.<\/p>\n<p>De acuerdo con el expediente penal del caso, los hechos ocurrieron el 04 de agosto de 2024, cuando la v\u00edctima caminaba sobre la Avenida Francisco I. Madero, jurisdicci\u00f3n de Santa Mar\u00eda Xadani, lugar en donde fue atacado con un arma corto-contundente (machete) caus\u00e1ndole lesiones en diferentes partes del cuerpo.<\/p>\n<p>Ante estos hechos, la Fiscal\u00eda de Oaxaca inici\u00f3 las investigaciones a trav\u00e9s de la Vicefiscal\u00eda Regional del Istmo, dando como resultado que el 06 de agosto de 2024 se ejecutara la detenci\u00f3n de E.L.S., quien fue puesto a disposici\u00f3n de la autoridad ministerial correspondiente para determinar su situaci\u00f3n jur\u00eddica.<\/p>\n<p>La denuncia penal oportuna es una herramienta clave para que la Fiscal\u00eda General del Estado de Oaxaca tenga resultados inmediatos a favor de las v\u00edctimas en los procesos de procuraci\u00f3n de justicia.<\/p>\n<figure id=\"attachment_7043\" aria-describedby=\"caption-attachment-7043\" style=\"width: 288px\" class=\"wp-caption alignnone\"><img fetchpriority=\"high\" decoding=\"async\" class=\"size-medium wp-image-7043\" src=\"https:\/\/portal.fgeo.gob.mx\/wp-content\/uploads\/2024\/08\/FOTO-906-288x300.jpg\" alt=\"\" width=\"288\" height=\"300\" \/><figcaption id=\"caption-attachment-7043\" class=\"wp-caption-text\">Dise\u00f1o sin t\u00edtulo &#8211; 1<\/figcaption><\/figure>\n","protected":false},"author":2,"featured_media":6963,"comment_status":"closed","ping_status":"closed","template":"","tags":[],"categoria_noticias":[],"class_list":["post-16265","noticias","type-noticias","status-publish","has-post-thumbnail","hentry"],"acf":[],"mb":[],"mfb_rest_fields":["title","gutenberg_elementor_mode"],"_links":{"self":[{"href":"https:\/\/portal.fgeo.gob.mx\/index.php\/wp-json\/wp\/v2\/noticias\/16265","targetHints":{"allow":["GET"]}}],"collection":[{"href":"https:\/\/portal.fgeo.gob.mx\/index.php\/wp-json\/wp\/v2\/noticias"}],"about":[{"href":"https:\/\/portal.fgeo.gob.mx\/index.php\/wp-json\/wp\/v2\/types\/noticias"}],"author":[{"embeddable":true,"href":"https:\/\/portal.fgeo.gob.mx\/index.php\/wp-json\/wp\/v2\/users\/2"}],"replies":[{"embeddable":true,"href":"https:\/\/portal.fgeo.gob.mx\/index.php\/wp-json\/wp\/v2\/comments?post=16265"}],"wp:featuredmedia":[{"embeddable":true,"href":"https:\/\/portal.fgeo.gob.mx\/index.php\/wp-json\/wp\/v2\/media\/6963"}],"wp:attachment":[{"href":"https:\/\/portal.fgeo.gob.mx\/index.php\/wp-json\/wp\/v2\/media?parent=16265"}],"wp:term":[{"taxonomy":"post_tag","embeddable":true,"href":"https:\/\/portal.fgeo.gob.mx\/index.php\/wp-json\/wp\/v2\/tags?post=16265"},{"taxonomy":"categoria_noticias","embeddable":true,"href":"https:\/\/portal.fgeo.gob.mx\/index.php\/wp-json\/wp\/v2\/categoria_noticias?post=16265"}],"curies":[{"name":"wp","href":"https:\/\/api.w.org\/{rel}","templated":true}]}}